{"id":7132,"date":"2021-08-25T12:51:51","date_gmt":"2021-08-25T09:51:51","guid":{"rendered":"https:\/\/www.evdekibakicim.com\/blog\/?p=7132"},"modified":"2021-08-25T12:51:58","modified_gmt":"2021-08-25T09:51:58","slug":"cocuklarda-ofke-kontrolu-nasil-saglanir","status":"publish","type":"post","link":"https:\/\/www.evdekibakicim.com\/blog\/makale\/cocuklarda-ofke-kontrolu-nasil-saglanir\/","title":{"rendered":"\u00c7ocuklarda \u00d6fke Kontrol\u00fc Nas\u0131l Sa\u011flan\u0131r?"},"content":{"rendered":"\n<p>\u00c7ocuklarda s\u0131kl\u0131kla ya\u015fanan sorunlardan biri de \u00f6fke patlamalar\u0131d\u0131r. \u00d6zellikle istekleri yerine gelmedi\u011finde tutturma, ba\u011f\u0131rma, \u00e7\u0131\u011fl\u0131k atma zaman zaman da vurma, \u0131s\u0131rma gibi fiziksel davran\u0131\u015flar da g\u00f6zlenen bu durum aileyi zorlayabilmektedir. Peki, \u00e7ocuklar bu duyguyu ne zaman en yo\u011fun ya\u015far?  \u00c7ocu\u011funuz \u00f6fkelendi\u011finde nas\u0131l yakla\u015fmal\u0131s\u0131n\u0131z? <strong>\u00c7ocuklarda \u00f6fke <\/strong>kontrol\u00fc nas\u0131l sa\u011flan\u0131r? Bu ve daha fazla sorunuza yaz\u0131m\u0131zda yan\u0131t bulabilirsiniz.<\/p>\n\n\n\n<h2>\u00c7ocuklarda \u00d6fkenin Sebepleri Nelerdir? <\/h2>\n\n\n\n<p>\u00d6fke, do\u011fal duygular\u0131m\u0131zdan biridir. Her ya\u015fta g\u00f6r\u00fclebilir. Ancak \u00f6fkeyi yans\u0131tma \u015feklimiz \u00f6nemlidir. \u00c7ocuklar, \u00f6fkeyi \u00e7o\u011funlukla a\u011flama, \u00e7\u0131\u011fl\u0131k atma, vurma \u015feklinde d\u0131\u015far\u0131 vururlar. \u00c7o\u011funlukla engellenmi\u015f hissettiklerinde ve ho\u015flar\u0131na gitmeyen durumlarda bu duyguyu ya\u015farlar. Ailenin tutumu, sosyal \u00e7evre, temel ihtiya\u00e7lar\u0131n tam kar\u015f\u0131lanmamas\u0131 gibi sebepler \u00e7ocuklar\u0131n bu duyguyu yo\u011fun ya\u015famas\u0131na neden olur.<\/p>\n\n\n\n<figure class=\"wp-block-image size-large is-resized\"><img decoding=\"async\" loading=\"lazy\" src=\"https:\/\/evdekibakicimstorage.blob.core.windows.net\/wordpress\/2021\/01\/little-beautiful-girl-near-brick-wall_169016-3553.jpg\" alt=\"\u00e7ocuklarda \u00f6fke\" class=\"wp-image-7029\" width=\"610\" height=\"406\"\/><figcaption>  <strong>\u00c7o\u011funlukla engellenmi\u015f hissettiklerinde ve ho\u015flar\u0131na gitmeyen durumlarda \u00e7ocuklar \u00f6fke duygusunu yo\u011fun ya\u015farlar <\/strong><\/figcaption><\/figure>\n\n\n\n<h2>\u00c7ocuklarda \u00d6fke Aile Tutumuna Ba\u011fl\u0131 Geli\u015febilir <\/h2>\n\n\n\n<p>Ailenin \u00e7ocu\u011fa kar\u015f\u0131 tutumu \u00f6fke duygusunu tetikleyebilir. A\u015f\u0131r\u0131 bask\u0131c\u0131 veya tavizkar ortamda b\u00fcy\u00fcyen \u00e7ocuklar, duygular\u0131n\u0131 tam ifade edemedikleri ve s\u0131n\u0131rlar\u0131n\u0131 \u00e7izemedikleri i\u00e7in \u00f6fke duyabilirler. \u00c7ocukla ileti\u015fimde s\u0131k s\u0131k emir c\u00fcmleleri kullanmak, sesi y\u00fckselterek bir \u015feyleri yapt\u0131rmak ona yanl\u0131\u015f bir mesaj verir. \u201cBen de ba\u011f\u0131r\u0131rsam, emredersem isteklerimi yapt\u0131rabilirim.\u201d Diye d\u00fc\u015f\u00fcn\u00fcr. Yine aile i\u00e7inde \u00f6fkeye \u015fahit olan, sorunlar\u0131n\u0131 bu yolla \u00e7\u00f6zmeye \u00e7al\u0131\u015fan ebeveyn ve bak\u0131c\u0131 da \u00e7ocu\u011fun bu yolu benimsemesine neden olabilir.<\/p>\n\n\n\n<h2>\u00c7ocuklarda \u00d6fke Medya \u0130\u00e7eriklerinden Kaynaklanabilir<\/h2>\n\n\n\n<p>\u00c7ocu\u011funuzda \u00f6fkeye neden olan en \u00f6nemli etkenlerden biri de \u015fiddet i\u00e7erikli ortama maruz kalmas\u0131d\u0131r. \u00d6zellikle televizyon, sosyal medya, bilgisayar oyunlar\u0131 uygun olmayan i\u00e7erik ve mesajlar\u0131yla \u00e7ocu\u011funuzda stres ve \u00f6fkeye neden olabilir. . \u0130\u00e7erik olarak vurma, k\u0131rma, argo i\u00e7eren ve bu sahnelere maruz kalan \u00e7ocu\u011funuz bu durumu i\u00e7selle\u015ftirebilir ve \u00e7evresine kar\u015f\u0131 uygulayabilir. Bu nedenle \u00e7ocu\u011funuzun ekran kar\u015f\u0131s\u0131nda kalma s\u00fcresi kadar, ne izleyip, ne oynad\u0131\u011f\u0131n\u0131 da kontrol etmenizde fayda var.<\/p>\n\n\n\n<figure class=\"wp-block-image size-large is-resized\"><img decoding=\"async\" loading=\"lazy\" src=\"https:\/\/evdekibakicimstorage.blob.core.windows.net\/wordpress\/2020\/10\/couple-with-children-having-quarrel_1398-4947.jpg\" alt=\"\u00e7ocuklarda \u00f6fke\" class=\"wp-image-6710\" width=\"588\" height=\"386\"\/><figcaption> <strong>Aile i\u00e7inde \u00f6fkeye \u015fahit olan, sorunlar\u0131n\u0131 bu yolla \u00e7\u00f6zmeye \u00e7al\u0131\u015fan ebeveyn ve bak\u0131c\u0131 da \u00e7ocu\u011fun bu yolu benimsemesine neden olabilir<\/strong> <\/figcaption><\/figure>\n\n\n\n<h2>Etiketlemeler \u00c7ocuklara \u00d6fke Duygusunu Ya\u015fatabilir <\/h2>\n\n\n\n<p>\u00c7ocu\u011funuza s\u0131k s\u0131k olumsuz ifadeler kullan\u0131yorsan\u0131z, bir s\u00fcre sonra \u00e7ocuk bu durumu kabullenir ve \u00f6yle oldu\u011funa inan\u0131r. \u00d6rne\u011fin; \u201c\u00c7ok yaramazs\u0131n, \u00e7ok inat\u00e7\u0131s\u0131n\u201d gibi etiketlemeler \u00e7ocukta b\u00f6yle biri oldu\u011funu hissettirir ve buna uygun davranmaya ba\u015flar. Bu nedenle \u00f6fke ba\u015fta olmak \u00fczere, hi\u00e7bir olumsuz duygu ve davran\u0131\u015fla \u00e7ocu\u011funuzu etiketlememenizi \u00f6neriyoruz. <\/p>\n\n\n\n<h2>\u00c7ocuklarda \u00d6fke Kontrol\u00fc \u0130\u00e7in Neler Yapabilirsiniz? <\/h2>\n\n\n\n<p>\u00d6fke, do\u011fal duygular\u0131m\u0131zdan biri. Ancak hem yeti\u015fkin olarak bizim, hem de \u00e7ocuklar\u0131m\u0131z\u0131n bu duyguyu yans\u0131tma \u015fekli son derece \u00f6nemli. Bu noktada \u00f6ncelikle kendimizi g\u00f6zlemlemeli ve \u00f6fkelendi\u011fimizde nas\u0131l tepki verdi\u011fimizi g\u00f6zden ge\u00e7irmeliyiz. \u00c7ocuk i\u00e7in en \u00f6nemli modelin ailesi ve yak\u0131n \u00e7evresi oldu\u011funu ve \u00f6fkeyi yans\u0131tma \u015feklini de bu \u015fekilde \u00f6\u011frenece\u011fini unutmay\u0131n. Bunun yan\u0131 s\u0131ra:<\/p>\n\n\n\n<ul><li> \u00c7ocu\u011fu etkin \u015fekilde dinlemek,<\/li><li> \u00c7ocu\u011fa anla\u015f\u0131ld\u0131\u011f\u0131n\u0131 hissettirmek,<\/li><li> \u00c7ocu\u011fun ilgi ve sevgi ihtiyac\u0131n\u0131 kar\u015f\u0131lamak,<\/li><li> \u00c7ocu\u011fu ele\u015ftirmemek ve yarg\u0131lamamak,<\/li><li> \u00c7ocu\u011fa kar\u015f\u0131 tutarl\u0131 davranmak,<\/li><li> Enerjisini uygun yolla bo\u015faltabilece\u011fi spor, m\u00fczik vb. hobiler edinmesini sa\u011flamak,<\/li><li> \u00d6fkelendi\u011finde anda sakinle\u015fmek i\u00e7in yapabilece\u011fi birka\u00e7 teknik \u00f6\u011fretmek,<\/li><li> Uzman deste\u011fi almak <\/li><\/ul>\n\n\n\n<h2>\u00c7ocuklarda \u00d6fke Kontrol\u00fc \u0130\u00e7in Model Olun <\/h2>\n\n\n\n<p>\u00c7ocuklar pek \u00e7ok duyguyu nas\u0131l ya\u015fayacaklar\u0131n\u0131 sizden \u00f6\u011frenirler. \u00d6rne\u011fin; siz \u00f6fkelendi\u011finizde nas\u0131l tepki veriyorsan\u0131z, \u00e7ocu\u011funuz da sizi g\u00f6zlemler ve o \u015fekilde davran\u0131r. Bu nedenle \u00e7ocu\u011funuza her davran\u0131\u015f\u0131 edinmesinde oldu\u011fu gibi \u00f6fke kontrol\u00fcnde de model oldu\u011funuzu unutmay\u0131n. <\/p>\n\n\n\n<figure class=\"wp-block-image size-large is-resized\"><img decoding=\"async\" loading=\"lazy\" src=\"https:\/\/evdekibakicimstorage.blob.core.windows.net\/wordpress\/2021\/02\/photo-1527631120902-378417754324-1170x480.jpg\" alt=\"\u00e7ocuklarda \u00f6fke\" class=\"wp-image-7151\" width=\"597\" height=\"244\"\/><figcaption> <strong>E\u011fer aile ya da bak\u0131c\u0131 \u00e7ocuk bir \u015feyi a\u00e7\u0131klamaya \u00e7al\u0131\u015f\u0131rken, onu etkin \u015fekilde dinlemiyorsa, ele\u015ftirip, yarg\u0131l\u0131yorsa \u00e7ocuk anla\u015f\u0131lamad\u0131\u011f\u0131n\u0131 hissederek, \u00f6fkelenebilir <\/strong><\/figcaption><\/figure>\n\n\n\n<h2>\u00c7ocu\u011funuzu Dinleyin <\/h2>\n\n\n\n<p>\u00c7ocuklarda \u00f6fkeye neden olan sebeplerden biri de kendilerini ifade edememeleridir. E\u011fer aile ya da bak\u0131c\u0131 \u00e7ocuk bir \u015feyi a\u00e7\u0131klamaya \u00e7al\u0131\u015f\u0131rken, onu etkin \u015fekilde dinlemiyorsa, ele\u015ftirip, yarg\u0131l\u0131yorsa \u00e7ocuk anla\u015f\u0131lamad\u0131\u011f\u0131n\u0131 hissederek, \u00f6fkelenebilir. Bunun yerine \u00e7ocu\u011funuzun her fikrine sayg\u0131 duyun. Onun hizas\u0131na inerek, g\u00f6z temas\u0131 kurun ve ona kar\u015f\u0131 iyi bir dinleyici olun. <\/p>\n\n\n\n<h2>Ben Dili Kullan\u0131n <\/h2>\n\n\n\n<p>\u00c7ocu\u011funuzla ya\u015fad\u0131\u011f\u0131n\u0131z \u00e7at\u0131\u015fmalarda kulland\u0131\u011f\u0131n\u0131z dil \u00e7ok \u00f6nemlidir. \u00d6rne\u011fin;  \u201codan\u0131 da\u011f\u0131tm\u0131\u015fs\u0131n, da\u011f\u0131n\u0131k bir \u00e7ocuksun\u201d yerine  \u201cOdan bu kadar da\u011f\u0131ld\u0131\u011f\u0131nda ben \u00e7ok yoruluyorum. Sence bunu nas\u0131l \u00e7\u00f6zebiliriz? \u201c tarz\u0131 bir yakla\u015f\u0131m kar\u015f\u0131s\u0131nda \u00e7ocu\u011funuz sakinli\u011fini korur ve sizinle i\u015fbirli\u011fi kurmaya daha a\u00e7\u0131k olur.<\/p>\n\n\n\n<h2>Tutarl\u0131 Olun <\/h2>\n\n\n\n<p>Pek \u00e7ok \u00e7ocuk, \u00f6fke duygusunu isteklerini yapt\u0131rmak i\u00e7in kullan\u0131r. \u00d6rne\u011fin; \u00e7ocu\u011funuz markette bir \u015fey istedi\u011finde ve siz hay\u0131r dedi\u011finizde a\u011fl\u0131yor, tepiniyor ve olumsuz davran\u0131\u015flar sergiliyorsa ve siz onun bu davran\u0131\u015flar\u0131 kar\u015f\u0131s\u0131nda ikna olup evet diyorsan\u0131z, \u00e7ocu\u011funuz bu \u015fekilde davrand\u0131\u011f\u0131nda isteklerini yapt\u0131rabilece\u011fini \u00f6\u011frenir ve s\u00fcrekli bu y\u00f6nteme ba\u015fvurur. Bu nedenle \u00e7ocu\u011funuzun bu durumu kullanmas\u0131na izin vermemek i\u00e7in tutarl\u0131 olun. E\u015fler ve bak\u0131c\u0131n\u0131n da bu konuda ortak hareket etmesi \u00f6nemlidir. San\u0131ld\u0131\u011f\u0131n\u0131n aksine tutarl\u0131l\u0131k ve kurallar\u0131n net olmas\u0131, \u00e7ocuklar\u0131n kendini g\u00fcvende hissetmesi bak\u0131m\u0131ndan son derece \u00f6nemli bir noktad\u0131r.<\/p>\n\n\n\n<h2>Spora Y\u00f6nlendirin <\/h2>\n\n\n\n<p>\u00c7ocuklar \u00e7ok enerjiktir ve bu enerjiyi uygun yolla atamad\u0131klar\u0131nda istenmeyen davran\u0131\u015flara ba\u015fvururlar. Bu durum da sizinle \u00e7at\u0131\u015fmas\u0131na ve \u00f6fke duymas\u0131na neden olabilir. Bu nedenle hareket ihtiyac\u0131n\u0131 kar\u015f\u0131layabilece\u011fi uygun f\u0131rsatlar sunman\u0131z\u0131 \u00f6neririz. Herhangi bir spor dal\u0131yla ilgilenmek, onun kas geli\u015fimi a\u00e7\u0131s\u0131ndan \u00f6nemli oldu\u011fu kadar, enerjisini de atmas\u0131 i\u00e7in ideal bir yoldur. <\/p>\n\n\n\n<figure class=\"wp-block-image size-large is-resized\"><img decoding=\"async\" loading=\"lazy\" src=\"https:\/\/evdekibakicimstorage.blob.core.windows.net\/wordpress\/2021\/02\/photo-1483193722442-5422d99849bc-1050x480.jpg\" alt=\"\u00e7ocuklarda \u00f6fke\" class=\"wp-image-7150\" width=\"594\" height=\"271\"\/><figcaption><strong>\u00c7ocu\u011funuza \u00f6fkesiyle ba\u015f edebilme konusunda model olun ve kendi sakinle\u015fme yollar\u0131n\u0131z\u0131 onunla payla\u015f\u0131n<\/strong><\/figcaption><\/figure>\n\n\n\n<h2>Sakinle\u015fmesi \u0130\u00e7in Yol G\u00f6sterin <\/h2>\n\n\n\n<p>\u00c7ocu\u011funuz \u00f6fkelendi\u011fi zaman nas\u0131l sakinle\u015fece\u011fini bilmiyor olabilir. Bunun i\u00e7in onunla konu\u015fabilirsiniz. Sakin bir zaman\u0131nda \u00f6fke hakk\u0131nda konu\u015fmak, duygusunu adland\u0131rmas\u0131 ve anlamland\u0131rmas\u0131 a\u00e7\u0131s\u0131ndan ona yard\u0131mc\u0131 olur. \u00d6rne\u011fin; \u201c Sence \u00f6fke nas\u0131l bir duygu? \u00d6fkelendi\u011finde nas\u0131l hissediyorsun? Resmini \u00e7izelim mi? Neler seni \u00f6fkelendirir?  Ben de zaman zaman \u00f6fkeleniyorum. Bu \u00e7ok do\u011fal bir duygu. Ama uzun s\u00fcrmesinden ho\u015flanm\u0131yorum. Bunun i\u00e7in de sakinle\u015fmek i\u00e7in derin nefes al\u0131yorum. Y\u00fcz\u00fcm\u00fc y\u0131k\u0131yorum. \u0130\u00e7imden 10\u2019a kadar say\u0131yorum ya da en sevdi\u011fim \u015feyi d\u00fc\u015f\u00fcn\u00fcyorum. Sen sakinle\u015fmek i\u00e7in neler yapabilirsin? Hadi onlar\u0131 belirleyelim.\u201d gibi bir sohbetle duygusunu anlamas\u0131na yard\u0131mc\u0131 olun. Bunun i\u00e7in \u00f6fke ile ilgili hikayeler de i\u015finize yarayabilir.<\/p>\n\n\n\n<h2>Uzman Deste\u011fi \u0130le \u00c7ocuklarda \u00d6fke Sorunu \u00c7\u00f6z\u00fclebilir<\/h2>\n\n\n\n<p>\u00c7ocu\u011funuzun \u00f6fkesi uzun s\u00fcr\u00fcyor ve s\u0131kl\u0131kla bu duyguyu ya\u015f\u0131yorsa bir uzman deste\u011fi almay\u0131 d\u00fc\u015f\u00fcnebilirsiniz. Yaz\u0131m\u0131z\u0131n ba\u015f\u0131nda da belirtti\u011fimiz gibi, \u00f6zellikle baz\u0131 d\u00f6nemlerde \u00f6fke \u00e7ocuklar\u0131n s\u0131kl\u0131kla ya\u015fad\u0131\u011f\u0131 bir duygudur. \u00d6rne\u011fin; 2 ya\u015f krizi olarak adland\u0131r\u0131lan s\u00fcre\u00e7te \u00e7ocuk kimli\u011fini ispat etmek i\u00e7in sizinle inatla\u015fabilir, sevdi\u011fi \u015feylere bile hay\u0131r diyebilir. Bunun geli\u015fimin do\u011fal bir s\u00fcreci oldu\u011funu biliyorsan\u0131z, sadece do\u011fru tutumla bu durumu a\u015fabilirsiniz. Ancak, sebebini anlayamad\u0131\u011f\u0131n\u0131z, \u00e7ocu\u011funuzu ve sizi yoran s\u0131k s\u0131k ya\u015fanan \u00f6fke patlamalar\u0131 i\u00e7in profesyonel bir yard\u0131m almak daha k\u0131sa s\u00fcrede \u00e7\u00f6z\u00fcme ula\u015fman\u0131z\u0131 sa\u011flar.<\/p>\n\n\n\n<h2>\u00c7ocuk Bak\u0131c\u0131s\u0131n\u0131n Tutumu \u00c7ocu\u011funuzun Geli\u015fiminde Rol Oynar<\/h2>\n\n\n\n<p>\u00c7ocuk bak\u0131c\u0131s\u0131 se\u00e7imi son derece \u00f6nemli ve ciddi bir konudur. \u00c7ocu\u011funuzun ki\u015fili\u011finin \u015fekillenmesinde bak\u0131c\u0131n\u0131z b\u00fcy\u00fck rol oynar. Bu nedenle \u00e7al\u0131\u015faca\u011f\u0131n\u0131z ki\u015fiyi belirlerken titiz davran\u0131n. Bir \u00e7ocuk bak\u0131c\u0131s\u0131nda bulunmas\u0131 gereken \u00f6zellikleri ara\u015ft\u0131r\u0131n. \u00c7ocuk geli\u015fimi bilgisine sahip, sakin, sab\u0131rl\u0131, g\u00fcler y\u00fczl\u00fc, sorumluluk sahibi, \u00e7ocu\u011funuzun ihtiya\u00e7lar\u0131n\u0131n fark\u0131nda olan, sorumluluk sahibi, d\u00fcr\u00fcst, pozitif ve dinamik ki\u015filerin genel anlamda bu i\u015fe uygun oldu\u011funu d\u00fc\u015f\u00fcnebilirsiniz. <\/p>\n\n\n\n<p>Di\u011fer taraftan duygu kontrol\u00fcn\u00fc \u00f6\u011frenebilmesi, kendisini uygun \u015fekilde ifade edebilmesinde de bak\u0131c\u0131n\u0131z\u0131n b\u00fcy\u00fck etkisi vard\u0131r. \u00c7al\u0131\u015fan\u0131n\u0131z davran\u0131\u015flar\u0131yla \u00e7ocu\u011funuza model olur. Sakin ve pozitif tutumu ile \u00e7ocu\u011funuz i\u00e7in \u00f6rnek olu\u015fturur.  Bu a\u00e7\u0131dan \u00e7al\u0131\u015faca\u011f\u0131n\u0131z ki\u015finin ki\u015fisel ve mesleki niteliklerini mutlaka ara\u015ft\u0131r\u0131n.<\/p>\n\n\n\n<h2>EvdekiBak\u0131c\u0131m \u0130le \u00c7ocu\u011funuzun Geli\u015fimi Emin Ellerde<\/h2>\n\n\n\n<p>2015 y\u0131l\u0131ndan bu yana sekt\u00f6rde lider konumda olan&nbsp;<a href=\"https:\/\/www.evdekibakicim.com\/\">EvdekiBak\u0131c\u0131m<\/a>, profesyonel \u00e7ocuk bak\u0131c\u0131s\u0131 aray\u0131\u015f\u0131n\u0131zda sizin yan\u0131n\u0131zda. S\u00fcre\u00e7 boyunca dan\u0131\u015fmanl\u0131k hizmeti de sunan ajans\u0131m\u0131z, do\u011fru ki\u015fiye k\u0131sa s\u00fcrede ula\u015fman\u0131z\u0131 sa\u011flayabilir. Tek yapman\u0131z gereken whatsapp destek hatt\u0131 \u00fczerinden,&nbsp;<a href=\"https:\/\/www.instagram.com\/evdekibakicim\/\">Instagram DM<\/a>\u2019den ya da sitemizdeki&nbsp;<a href=\"https:\/\/merhaba.evdekibakicim.com\/hemen-bakici-bul\/\">ba\u015fvuru formunu<\/a>&nbsp;doldurarak bize ula\u015fmak. Sizi de mutlu ailelerimiz aras\u0131na kat\u0131lmaya bekliyoruz\u2026 <\/p>\n","protected":false},"excerpt":{"rendered":"<p>\u00c7ocuklarda s\u0131kl\u0131kla ya\u015fanan sorunlardan biri de \u00f6fke patlamalar\u0131d\u0131r. \u00d6zellikle istekleri yerine gelmedi\u011finde tutturma, ba\u011f\u0131rma, \u00e7\u0131\u011fl\u0131k atma zaman zaman da vurma, \u0131s\u0131rma gibi fiziksel davran\u0131\u015flar da g\u00f6zlenen bu durum aileyi zorlayabilmektedir&#8230;.<\/p>\n","protected":false},"author":1,"featured_media":6712,"comment_status":"open","ping_status":"open","sticky":false,"template":"","format":"standard","meta":[],"categories":[79,20],"tags":[],"_links":{"self":[{"href":"https:\/\/www.evdekibakicim.com\/blog\/wp-json\/wp\/v2\/posts\/7132"}],"collection":[{"href":"https:\/\/www.evdekibakicim.com\/blog\/wp-json\/wp\/v2\/posts"}],"about":[{"href":"https:\/\/www.evdekibakicim.com\/blog\/wp-json\/wp\/v2\/types\/post"}],"author":[{"embeddable":true,"href":"https:\/\/www.evdekibakicim.com\/blog\/wp-json\/wp\/v2\/users\/1"}],"replies":[{"embeddable":true,"href":"https:\/\/www.evdekibakicim.com\/blog\/wp-json\/wp\/v2\/comments?post=7132"}],"version-history":[{"count":7,"href":"https:\/\/www.evdekibakicim.com\/blog\/wp-json\/wp\/v2\/posts\/7132\/revisions"}],"predecessor-version":[{"id":7225,"href":"https:\/\/www.evdekibakicim.com\/blog\/wp-json\/wp\/v2\/posts\/7132\/revisions\/7225"}],"wp:featuredmedia":[{"embeddable":true,"href":"https:\/\/www.evdekibakicim.com\/blog\/wp-json\/wp\/v2\/media\/6712"}],"wp:attachment":[{"href":"https:\/\/www.evdekibakicim.com\/blog\/wp-json\/wp\/v2\/media?parent=7132"}],"wp:term":[{"taxonomy":"category","embeddable":true,"href":"https:\/\/www.evdekibakicim.com\/blog\/wp-json\/wp\/v2\/categories?post=7132"},{"taxonomy":"post_tag","embeddable":true,"href":"https:\/\/www.evdekibakicim.com\/blog\/wp-json\/wp\/v2\/tags?post=7132"}],"curies":[{"name":"wp","href":"https:\/\/api.w.org\/{rel}","templated":true}]}}