{"id":7107,"date":"2021-12-09T17:54:24","date_gmt":"2021-12-09T14:54:24","guid":{"rendered":"https:\/\/www.evdekibakicim.com\/blog\/?p=7107"},"modified":"2021-12-09T17:54:35","modified_gmt":"2021-12-09T14:54:35","slug":"cocuk-bakiciniz-izne-cikarken-yapmaniz-gerekenler","status":"publish","type":"post","link":"https:\/\/www.evdekibakicim.com\/blog\/makale\/cocuk-bakiciniz-izne-cikarken-yapmaniz-gerekenler\/","title":{"rendered":"\u00c7ocuk Bak\u0131c\u0131n\u0131z \u0130zne \u00c7\u0131karken Yapman\u0131z Gerekenler"},"content":{"rendered":"\n<p>Her \u00e7al\u0131\u015fan\u0131n oldu\u011fu gibi bak\u0131c\u0131lar\u0131n y\u0131ll\u0131k izin haklar\u0131 bulunmaktad\u0131r. Yasal mevzuata g\u00f6re 1-5 y\u0131l aras\u0131 \u00e7al\u0131\u015fanlara en az 14 g\u00fcn, 6-15 y\u0131l \u00e7al\u0131\u015fanlara ise en az  20 g\u00fcn senelik izin verilmelidir. \u00d6zellikle \u00e7ocuk bak\u0131c\u0131s\u0131n\u0131n izin kullanaca\u011f\u0131 zaman\u0131 iyi ayarlamak, sizin zorda kalmaman\u0131z ve i\u015flerinizin aksamamas\u0131 bak\u0131m\u0131ndan son derece \u00f6nemlidir. Bu nedenle <strong>\u00e7ocuk bak\u0131c\u0131n\u0131z izne<\/strong> ayr\u0131lmadan \u00f6nce planlama yapmak, senelik izin zamanlar\u0131n\u0131 \u00e7al\u0131\u015fmaya ba\u015flamadan \u00f6nce konu\u015fmak gibi basit \u00f6nlemler alman\u0131zda fayda var. Yaz\u0131m\u0131z\u0131n devam\u0131nda bu s\u00fcreci kolayla\u015ft\u0131rmak i\u00e7in gerekli t\u00fcm p\u00fcf noktalar\u0131 bulabilirsiniz.<\/p>\n\n\n\n<figure class=\"wp-block-image size-large\"><img decoding=\"async\" loading=\"lazy\" width=\"868\" height=\"480\" src=\"https:\/\/evdekibakicimstorage.blob.core.windows.net\/wordpress\/2019\/11\/pexels-photo-3171120-868x480.jpg\" alt=\"\u00e7ocuk bak\u0131c\u0131n\u0131z izne\" class=\"wp-image-4188\"\/><figcaption> <strong>Senelik izin; ki\u015finin i\u015fe ba\u015flad\u0131\u011f\u0131 g\u00fcnden itibaren, deneme s\u00fcresi de i\u00e7inde olmak \u00fczere en az bir y\u0131l \u00e7al\u0131\u015fmas\u0131 sonucu verilir<\/strong><\/figcaption><\/figure>\n\n\n\n<h2>Y\u0131ll\u0131k \u0130zin Ne Zaman Kullan\u0131l\u0131r?<\/h2>\n\n\n\n<p>Her \u00e7al\u0131\u015fan\u0131n dinlenmeye ihtiyac\u0131 var. Y\u0131ll\u0131k izin de yasal bir mola. Ancak \u00e7al\u0131\u015fan ki\u015finin bu  hakk\u0131 elde edebilmesi i\u00e7in i\u015finde belirli bir s\u00fcreyi doldurmas\u0131 gerekiyor.  Senelik izin; ki\u015finin i\u015fe ba\u015flad\u0131\u011f\u0131 g\u00fcnden itibaren, deneme s\u00fcresi de i\u00e7inde olmak \u00fczere en az bir y\u0131l \u00e7al\u0131\u015fmas\u0131 sonucu verilir.  \u0130\u015fverenin bu hususu bilerek hareket etmesi, \u00e7al\u0131\u015fan\u0131yla kar\u015f\u0131 kar\u015f\u0131ya gelmemesi a\u00e7\u0131s\u0131ndan \u00f6nem ta\u015f\u0131yor.<\/p>\n\n\n\n<h2>\u00c7ocuk Bak\u0131c\u0131n\u0131zla \u0130lk G\u00f6r\u00fc\u015fmede Y\u0131ll\u0131k \u0130zin Konusunu Netle\u015ftirin<\/h2>\n\n\n\n<p>\u00c7ocuk bak\u0131c\u0131n\u0131zla y\u0131ll\u0131k izin konusunda sorun ya\u015famak istemiyorsan\u0131z, her konuda oldu\u011fu gibi bu konuda da ilk andan itibaren a\u00e7\u0131k ve net olun. Beklentilerin net olarak s\u00f6ylenmemesi ve belirsiz hususlar kalmas\u0131, ailelerin daha sonra \u00e7al\u0131\u015fanlar\u0131 ile sorun ya\u015famalar\u0131na neden olan en \u00f6nemli etken. Bu nedenle ilk g\u00f6r\u00fc\u015fmeye haz\u0131rl\u0131kl\u0131 gidin. Soraca\u011f\u0131n\u0131z sorular\u0131 not al\u0131n ve \u00e7al\u0131\u015fma saatleri, izin g\u00fcnleri, beklentileriniz ile ilgili t\u00fcm detaylar\u0131 payla\u015f\u0131n. \u00c7al\u0131\u015fma ko\u015fullar\u0131n\u0131 i\u00e7eren yaz\u0131l\u0131 bir s\u00f6zle\u015fmenin olmas\u0131 da sizin a\u00e7\u0131n\u0131zdan rahatl\u0131kt\u0131r. Unutmay\u0131n s\u00f6z u\u00e7ar, yaz\u0131 kal\u0131r. <\/p>\n\n\n\n<p>Di\u011fer taraftan y\u0131ll\u0131k izin konusunda size uyan zaman dilimlerini payla\u015f\u0131n ve bak\u0131c\u0131 aday\u0131n\u0131z\u0131n da fikrini sorun.  Sizinle ortak noktada bulu\u015fan ki\u015filerle \u00e7al\u0131\u015fmay\u0131 tercih edin. <\/p>\n\n\n\n<figure class=\"wp-block-image size-large is-resized\"><img decoding=\"async\" loading=\"lazy\" src=\"https:\/\/evdekibakicimstorage.blob.core.windows.net\/wordpress\/2020\/12\/pexels-photo-5444909-1000x480.jpeg\" alt=\"\u00e7ocuk bak\u0131c\u0131n\u0131z izne\" class=\"wp-image-6901\" width=\"594\" height=\"285\"\/><figcaption><strong>Bak\u0131c\u0131n\u0131zla ayn\u0131 tarihlerde izin kullanmak, \u00e7ocu\u011funuza bakacak ba\u015fka bir alternatifiniz yoksa ideal bir \u00e7\u00f6z\u00fcmd\u00fcr<\/strong><\/figcaption><\/figure>\n\n\n\n<h2>\u00c7ocuk Bak\u0131c\u0131n\u0131z \u0130zne Ayr\u0131lmadan \u00d6nce Neler Yapmal\u0131s\u0131n\u0131z?<\/h2>\n\n\n\n<p>Bak\u0131c\u0131n\u0131z\u0131n izin kullanaca\u011f\u0131 tarih belli ise, siz de buna uygun bir planlama yapabilirsiniz. \u00d6rne\u011fin; izin tarihinizi bu tarihe uygun olarak ayarlayabilirsiniz veya ge\u00e7ici bir bak\u0131c\u0131 ayarlama yoluna gidebilirsiniz. Di\u011fer taraftan bak\u0131c\u0131n\u0131z\u0131n bir y\u0131l i\u00e7inde \u00e7al\u0131\u015fma s\u00fcresine g\u00f6re en az 14 g\u00fcn y\u0131ll\u0131k izni bulunuyor. Anla\u015farak, bu izni farkl\u0131 zamanlara b\u00f6lebilirsiniz. Yani t\u00fcm iznini bir kerede kullanmamas\u0131n\u0131 da isteyebilirsiniz. Bunun yan\u0131 s\u0131ra:<\/p>\n\n\n\n<ul><li>Acil i\u015flerinizi tamamlay\u0131n.<\/li><li>\u00c7ocu\u011funuza durumu a\u00e7\u0131klay\u0131n.<\/li><li>\u00c7ocu\u011funuzla bu s\u00fcre\u00e7te kimin ilgilenece\u011fini belirleyin.<\/li><li>Bak\u0131c\u0131n\u0131za sorman\u0131z gereken bir \u015fey olup olmad\u0131\u011f\u0131n\u0131 d\u00fc\u015f\u00fcn\u00fcn.<\/li><li>\u00c7ocu\u011funuzla bu s\u00fcre\u00e7te siz ilgilenecekseniz, y\u0131ll\u0131k izin i\u015flerinizi halledin.<\/li><\/ul>\n\n\n\n<h2>Y\u0131ll\u0131k \u0130zin Tarihinizi Belirleyin<\/h2>\n\n\n\n<p>Bak\u0131c\u0131n\u0131zla ayn\u0131 tarihlerde y\u0131ll\u0131k izin kullanmak, \u00e7ocu\u011funuza bakacak ba\u015fka bir alternatifiniz yoksa en ideal \u00e7\u00f6z\u00fcmd\u00fcr. Bu sayede, hem \u00e7al\u0131\u015fan\u0131n\u0131z diledi\u011fi \u015fekilde iznini kullan\u0131r, hem siz zorda kalmam\u0131\u015f olursunuz. Zor gibi g\u00f6r\u00fcnen bu s\u00fcre\u00e7 bu \u015fekilde avantaja da d\u00f6n\u00fc\u015febilir. \u00c7ocu\u011funuzla izin boyunca kaliteli zaman ge\u00e7irebilir, unutulmaz an\u0131lar biriktirebilirsiniz. <\/p>\n\n\n\n<h2>\u00c7ocuk Bak\u0131c\u0131n\u0131z \u0130zne \u00c7\u0131kmadan \u00d6nce Acil \u0130\u015flerinizi Halledin<\/h2>\n\n\n\n<p>\u00c7ocuk bak\u0131c\u0131n\u0131z izne \u00e7\u0131kmadan \u00f6nce, halletmeniz gereken \u00f6zellikle acil i\u015flerinizi g\u00f6zden ge\u00e7irin. Siz de izne ayr\u0131lacaksan\u0131z, i\u015flerinizle ilgili yapman\u0131z gerekenleri kontrol edin. \u00c7ocuk bak\u0131c\u0131s\u0131, ailelerin ev ve \u00e7ocuk bak\u0131m\u0131 konusunda en b\u00fcy\u00fck yard\u0131mc\u0131s\u0131d\u0131r. Bu ki\u015finin k\u0131sa s\u00fcreli\u011fine de olsa, olmamas\u0131 i\u015flerinizi ve ev d\u00fczeninizi etkileyebilir. Bu etkiyi en aza indirmek i\u00e7in iyi bir planlama yapmak en idealidir.<\/p>\n\n\n\n<figure class=\"wp-block-image size-large is-resized\"><img decoding=\"async\" loading=\"lazy\" src=\"https:\/\/evdekibakicimstorage.blob.core.windows.net\/wordpress\/2020\/09\/pexels-photo-3975635-1170x480.jpeg\" alt=\"\u00e7ocuk bak\u0131c\u0131n\u0131z izne\" class=\"wp-image-6625\" width=\"595\" height=\"243\"\/><figcaption> <strong>\u00c7ocuk bak\u0131c\u0131n\u0131z izne \u00e7\u0131kmadan \u00f6nce, halletmeniz gereken \u00f6zellikle acil i\u015flerinizi g\u00f6zden ge\u00e7irin <\/strong><\/figcaption><\/figure>\n\n\n\n<h2>\u00c7ocuk Bak\u0131c\u0131n\u0131z \u0130zne \u00c7\u0131kmadan \u00d6nce \u00c7ocu\u011funuzla Konu\u015fun<\/h2>\n\n\n\n<p>\u00c7ocuk bak\u0131c\u0131n\u0131z\u0131n izne ayr\u0131lacak olmas\u0131 sizin kadar \u00e7ocu\u011funuzu da ilgilendiren bir konudur. \u00d6zellikle erken ya\u015flarda \u00e7ocuklar ben merkezcidir ve \u00e7evrelerinde olan her de\u011fi\u015fimden kendilerini sorumlu tutarlar. Bu nedenle bak\u0131c\u0131s\u0131n\u0131n ayr\u0131lmas\u0131na kendilerinin sebep oldu\u011funu d\u00fc\u015f\u00fcn\u00fcp, su\u00e7luluk hissedebilirler. Bak\u0131c\u0131n\u0131n ge\u00e7ici bir s\u00fcre olmayaca\u011f\u0131n\u0131, bu s\u00fcre\u00e7te onunla sizin ya da ba\u015fka birinin ilgilenece\u011fini uygun bir dille anlat\u0131n. Di\u011fer taraftan rutinler \u00e7ocuklar i\u00e7in  \u00f6nemlidir. Bak\u0131c\u0131n\u0131z\u0131n \u00e7ocu\u011funuza yemek yedirdi\u011fi, uyuttu\u011fu , oyun oynad\u0131klar\u0131 saatleri \u00f6\u011frenmeniz \u00e7ocu\u011funuzun onun yoklu\u011funda da kendini mutlu ve huzurlu hissetmesi a\u00e7\u0131s\u0131ndan \u00f6nemlidir.<\/p>\n\n\n\n<h2>Ge\u00e7ici Bak\u0131c\u0131 Bulma Fikrini G\u00f6zden Ge\u00e7irin<\/h2>\n\n\n\n<p>Bak\u0131c\u0131n\u0131z y\u0131ll\u0131k izne ayr\u0131ld\u0131\u011f\u0131nda \u00e7al\u0131\u015fmaya devam etmeniz gerekiyorsa ve yak\u0131n\u0131n\u0131zda \u00e7ocu\u011funuza bakacak kimse yoksa ge\u00e7ici bak\u0131c\u0131 \u00e7al\u0131\u015ft\u0131rmay\u0131 d\u00fc\u015f\u00fcnebilirsiniz. K\u0131sa s\u00fcrede arad\u0131\u011f\u0131n\u0131z niteliklerde bak\u0131c\u0131 bulmak i\u00e7in g\u00fcvenilir firma deste\u011fi almak ideal bir yol olacakt\u0131r. Bu sayede hem h\u0131zl\u0131 bir \u015fekilde arad\u0131\u011f\u0131n\u0131z bak\u0131c\u0131y\u0131 bulabilir, hem de referans konusunda s\u0131k\u0131nt\u0131 ya\u015famazs\u0131n\u0131z.   <\/p>\n\n\n\n<h2>Bak\u0131c\u0131n\u0131za Kar\u015f\u0131 Anlay\u0131\u015fl\u0131 Olun<\/h2>\n\n\n\n<p>Bak\u0131c\u0131n\u0131z\u0131n y\u0131ll\u0131k izne ayr\u0131lacak olmas\u0131, sizin i\u00e7in zor bir s\u00fcre\u00e7 olabilir. Ancak unutmay\u0131n ki her insan\u0131n dinlenmeye hakk\u0131 vard\u0131r. Ayr\u0131ca, dinlenmi\u015f, bir s\u00fcre ara vermi\u015f \u00e7al\u0131\u015fan\u0131n\u0131z daha motive bir \u015fekilde i\u015fine d\u00f6necektir. Bu nedenle bak\u0131c\u0131n\u0131za kar\u015f\u0131 anlay\u0131\u015fl\u0131 ve ho\u015fg\u00f6r\u00fcl\u00fc olun. Onun izin kullanacak olmas\u0131n\u0131n aran\u0131zda bir soruna d\u00f6n\u00fc\u015fmesine izin vermeyin. Ona kar\u015f\u0131 empatik tavr\u0131n\u0131z aran\u0131zdaki ba\u011f\u0131 ve ileti\u015fimi de g\u00fc\u00e7lendirir. Bir \u00e7al\u0131\u015fandan ziyade kendisini ailenin bir \u00fcyesi olarak g\u00f6rmesini sa\u011flar. <\/p>\n\n\n\n<figure class=\"wp-block-image size-large is-resized\"><img decoding=\"async\" loading=\"lazy\" src=\"https:\/\/evdekibakicimstorage.blob.core.windows.net\/wordpress\/2021\/01\/pexels-photo-1683975-1170x480.jpeg\" alt=\"\u00e7ocuk bak\u0131c\u0131n\u0131z izne\" class=\"wp-image-7042\" width=\"590\" height=\"241\"\/><figcaption><strong>\u00c7ocuk bak\u0131c\u0131n\u0131z izne ayr\u0131ld\u0131\u011f\u0131nda, onu acil durumlar d\u0131\u015f\u0131nda aramamaya \u00e7al\u0131\u015f\u0131n<\/strong><\/figcaption><\/figure>\n\n\n\n<h2>\u00c7ocuk Bak\u0131c\u0131n\u0131z \u0130zne \u00c7\u0131kt\u0131\u011f\u0131nda Zorunlu Durumlarda \u0130leti\u015fim Kurun<\/h2>\n\n\n\n<p>\u00c7ocuk bak\u0131c\u0131n\u0131z izne ayr\u0131ld\u0131\u011f\u0131nda onunla zaman zaman ileti\u015fime ge\u00e7me ihtiyac\u0131 hissedebilirsiniz. Elbette acil durumlarda bak\u0131c\u0131n\u0131z\u0131 arayabilirsiniz. Ancak s\u0131k s\u0131k bir \u015feyler sormak i\u00e7in bak\u0131c\u0131n\u0131z\u0131 araman\u0131z, onun rahats\u0131z olmas\u0131na neden olabilir. \u00d6zellikle yabanc\u0131 bak\u0131c\u0131 \u00e7al\u0131\u015ft\u0131r\u0131yorsan\u0131z, uzun s\u00fcreli ailesinden ayr\u0131 kalm\u0131\u015f olabilir. Bu nedenle iznini tamamen ailesine zaman ay\u0131rarak ge\u00e7irmek isteyebilir. Bu y\u00fczden sorman\u0131z gereken t\u00fcm sorular\u0131 detayl\u0131 bir \u015fekilde d\u00fc\u015f\u00fcnerek, bak\u0131c\u0131n\u0131z y\u0131ll\u0131k izne ayr\u0131lmadan \u00f6nce sorun. Bu sayede \u00e7ocu\u011funuzun bak\u0131m\u0131n\u0131 t\u00fcm y\u0131l boyu \u00fcstlenen \u00e7al\u0131\u015fan\u0131n\u0131z tam anlam\u0131yla dinlenir ve ailesiyle rahat\u00e7a vakit ge\u00e7irir. <\/p>\n\n\n\n<h2>\u00c7ocuk Bak\u0131c\u0131n\u0131z \u0130\u015fe D\u00f6nd\u00fckten Sonra&#8230;<\/h2>\n\n\n\n<p>\u00c7ocuk bak\u0131c\u0131n\u0131z izin d\u00f6n\u00fc\u015f\u00fc dinlenmi\u015f ve motive bir \u015fekilde \u00e7al\u0131\u015fmaya ba\u015flayabilir. Ancak bazen, tersi bir durumla kar\u015f\u0131la\u015fabilirsiniz. Odaklanmakta, i\u015fe adapte olmakta \u00e7al\u0131\u015fan\u0131n\u0131z s\u0131k\u0131nt\u0131 ya\u015fayabilir. Bu tarz bir durumla kar\u015f\u0131la\u015f\u0131rsan\u0131z, hemen endi\u015feye kap\u0131lmay\u0131n. K\u0131sa bir uyum s\u00fcreci tan\u0131y\u0131n. Sorun devam ediyorsa, bak\u0131c\u0131n\u0131zla konu\u015fmay\u0131 deneyin. \u0130lgi ve anlay\u0131\u015f\u0131n\u0131zla k\u0131sa s\u00fcrede kald\u0131\u011f\u0131 yerden i\u015fine devam edece\u011finden \u015f\u00fcpheniz olmas\u0131n.<\/p>\n\n\n\n<h2>EvdekiBak\u0131c\u0131m \u0130le \u00c7ocuk Bak\u0131c\u0131s\u0131 Aray\u0131\u015f\u0131n\u0131z Son Bulsun<\/h2>\n\n\n\n<p>\u00c7ocuk bak\u0131m\u0131 \u00f6zveri ve sorumluluk gerektirir. Beklentilerinize uygun, i\u015fine ba\u011fl\u0131, profesyonel bir \u00e7al\u0131\u015fanla bu yola \u00e7\u0131kmak sizin i\u00e7in \u00f6nemli bir konfordur. Bu nedenle \u00e7ocuk bak\u0131c\u0131s\u0131 i\u015fini \u015fansa b\u0131rakmay\u0131n. <a href=\"https:\/\/www.evdekibakicim.com\/\">EvdekiBak\u0131c\u0131m<\/a> 2015 y\u0131l\u0131ndan bu yana donan\u0131ml\u0131 kadrosuyla ailelerin ilk tercihi. Siz de bu s\u00fcreci keyifli bir yolculu\u011fa d\u00f6n\u00fc\u015ft\u00fcrmek istiyorsan\u0131z,  &nbsp;whatsapp destek hatt\u0131 \u00fczerinden,&nbsp;<a href=\"https:\/\/www.instagram.com\/evdekibakicim\/\">Instagram DM<\/a>\u2019den ya da sitemizdeki&nbsp;<a href=\"https:\/\/merhaba.evdekibakicim.com\/hemen-bakici-bul\/\">ba\u015fvuru formunu<\/a>&nbsp;doldurarak bize ula\u015fabilirsiniz\u2026 <\/p>\n\n\n\n<p><br> <\/p>\n","protected":false},"excerpt":{"rendered":"<p>Her \u00e7al\u0131\u015fan\u0131n oldu\u011fu gibi bak\u0131c\u0131lar\u0131n y\u0131ll\u0131k izin haklar\u0131 bulunmaktad\u0131r. Yasal mevzuata g\u00f6re 1-5 y\u0131l aras\u0131 \u00e7al\u0131\u015fanlara en az 14 g\u00fcn, 6-15 y\u0131l \u00e7al\u0131\u015fanlara ise en az 20 g\u00fcn senelik izin&#8230;<\/p>\n","protected":false},"author":1,"featured_media":3701,"comment_status":"open","ping_status":"open","sticky":false,"template":"","format":"standard","meta":[],"categories":[9,77,79,80],"tags":[],"_links":{"self":[{"href":"https:\/\/www.evdekibakicim.com\/blog\/wp-json\/wp\/v2\/posts\/7107"}],"collection":[{"href":"https:\/\/www.evdekibakicim.com\/blog\/wp-json\/wp\/v2\/posts"}],"about":[{"href":"https:\/\/www.evdekibakicim.com\/blog\/wp-json\/wp\/v2\/types\/post"}],"author":[{"embeddable":true,"href":"https:\/\/www.evdekibakicim.com\/blog\/wp-json\/wp\/v2\/users\/1"}],"replies":[{"embeddable":true,"href":"https:\/\/www.evdekibakicim.com\/blog\/wp-json\/wp\/v2\/comments?post=7107"}],"version-history":[{"count":2,"href":"https:\/\/www.evdekibakicim.com\/blog\/wp-json\/wp\/v2\/posts\/7107\/revisions"}],"predecessor-version":[{"id":7244,"href":"https:\/\/www.evdekibakicim.com\/blog\/wp-json\/wp\/v2\/posts\/7107\/revisions\/7244"}],"wp:featuredmedia":[{"embeddable":true,"href":"https:\/\/www.evdekibakicim.com\/blog\/wp-json\/wp\/v2\/media\/3701"}],"wp:attachment":[{"href":"https:\/\/www.evdekibakicim.com\/blog\/wp-json\/wp\/v2\/media?parent=7107"}],"wp:term":[{"taxonomy":"category","embeddable":true,"href":"https:\/\/www.evdekibakicim.com\/blog\/wp-json\/wp\/v2\/categories?post=7107"},{"taxonomy":"post_tag","embeddable":true,"href":"https:\/\/www.evdekibakicim.com\/blog\/wp-json\/wp\/v2\/tags?post=7107"}],"curies":[{"name":"wp","href":"https:\/\/api.w.org\/{rel}","templated":true}]}}