{"id":7032,"date":"2022-01-17T14:45:00","date_gmt":"2022-01-17T11:45:00","guid":{"rendered":"https:\/\/www.evdekibakicim.com\/blog\/?p=7032"},"modified":"2022-01-17T14:57:51","modified_gmt":"2022-01-17T11:57:51","slug":"2022-bakici-ucretleri-hakkinda-her-sey","status":"publish","type":"post","link":"https:\/\/www.evdekibakicim.com\/blog\/makale\/2022-bakici-ucretleri-hakkinda-her-sey\/","title":{"rendered":"2022 Bak\u0131c\u0131 \u00dccretleri Hakk\u0131nda Her \u015eey"},"content":{"rendered":"\n<p>Bak\u0131c\u0131 \u00fccretleri, ailelerin en \u00e7ok merak ettikleri konular\u0131n ba\u015f\u0131nda gelmektedir. De\u011fi\u015fen aile yap\u0131s\u0131, annelerin de i\u015f hayat\u0131nda aktif olarak rol almas\u0131 gibi sebeplerle pek \u00e7ok aile \u00e7ocuk veya hasta\/ya\u015fl\u0131 bak\u0131m\u0131nda profesyonel destek almay\u0131 tercih ediyor. Bu i\u015fi yapacak ki\u015finin donan\u0131m\u0131 ve ki\u015fisel nitelikleri, ona g\u00fcven duyulmas\u0131 a\u00e7\u0131s\u0131ndan son derece \u00f6nemli. Ancak, beklentilerini artt\u0131k\u00e7a bak\u0131ya \u00f6deyece\u011finiz maa\u015f\u0131n da artaca\u011f\u0131n\u0131 unutmay\u0131n. Bu noktada \u00f6ncelikli tercihiniz ki\u015finin talep etti\u011fi \u00fccretin azl\u0131\u011f\u0131ndan ziyade, ki\u015filik \u00f6zelliklerinin ve mesleki yeterlili\u011fin bu i\u015f i\u00e7in uygunlu\u011fu olmal\u0131d\u0131r. Yaz\u0131m\u0131z\u0131n devam\u0131nda <strong>2022 bak\u0131c\u0131 <\/strong>\u00fccretleri ile ilgili t\u00fcm detaylar\u0131, iyi bir \u00e7al\u0131\u015fanda araman\u0131z gereken kriterleri ve bak\u0131c\u0131 se\u00e7iminin p\u00fcf noktalar\u0131n\u0131 bulabilirsiniz.<\/p>\n\n\n\n<figure class=\"wp-block-image size-large is-resized\"><img decoding=\"async\" loading=\"lazy\" src=\"https:\/\/evdekibakicimstorage.blob.core.windows.net\/wordpress\/2021\/01\/pexels-photo-4065864-1002x480.jpeg\" alt=\"2021 bak\u0131c\u0131\" class=\"wp-image-7048\" width=\"588\" height=\"281\"\/><figcaption> <strong>2022 Bak\u0131c\u0131 \u00fccretlerini hesaplarken asgari \u00fccreti dikkate alman\u0131z gerekiyor<\/strong> <\/figcaption><\/figure>\n\n\n\n<h2>2022 Bak\u0131c\u0131 \u00dccretleri Neye G\u00f6re Belirlenir? <\/h2>\n\n\n\n<p>2022 Bak\u0131c\u0131 \u00fccretlerini hesaplarken asgari \u00fccreti dikkate alman\u0131z gerekiyor. \u00c7\u00fcnk\u00fc yasal olarak asgari \u00fccretin alt\u0131nda maa\u015f \u00f6demek yasak. 2022 y\u0131l\u0131 asgari \u00fccret net  4.253,40  TL olarak belirlenmi\u015ftir. \u00c7al\u0131\u015fan\u0131n \u00e7ocuk say\u0131s\u0131, veli olmas\u0131 gibi durumlar bu tutar\u0131 etkileyen fakt\u00f6rler aras\u0131nda. Bu bedel devlet taraf\u0131ndan alt s\u0131n\u0131r olarak belirlenmi\u015ftir. Ancak bak\u0131c\u0131n\u0131z\u0131n deneyimi, donan\u0131m\u0131, sizin beklenti ve ihtiya\u00e7lar\u0131n\u0131z, bak\u0131lacak \u00e7ocuk say\u0131s\u0131, ya\u015fad\u0131\u011f\u0131n\u0131z \u015fehir hatta semt, \u00e7al\u0131\u015fma s\u00fcresi gibi kriterler de bak\u0131c\u0131 maa\u015f\u0131n\u0131 etkileyecek unsurlar aras\u0131nda yer al\u0131r.<\/p>\n\n\n\n<h2>2022 G\u00fcnd\u00fczl\u00fc veya Yat\u0131l\u0131 Bak\u0131c\u0131 \u00dccretleri Ne Kadar? <\/h2>\n\n\n\n<p>2022 tam g\u00fcn bak\u0131c\u0131 \u00fccretleri asgari \u00fccretten d\u00fc\u015f\u00fck olmamak kayd\u0131yla \u00e7al\u0131\u015fan ve i\u015fveren aras\u0131ndaki anla\u015fmaya ba\u011fl\u0131 olarak de\u011fi\u015fiklik g\u00f6sterebilir. Yine beklentileriniz ve ya\u015fad\u0131\u011f\u0131n\u0131z \u015fehir hatta semt bile bu maa\u015f \u00fczerinde belirleyici olacakt\u0131r. A\u015fa\u011f\u0131da belirtiler maa\u015flar ba\u015flang\u0131\u00e7 \u00fccretleri olup bak\u0131c\u0131lar taraf\u0131ndan talep edilmektedir. Bu \u00fccretler yakla\u015f\u0131k olarak;<br> \u0130stanbul g\u00fcnd\u00fczl\u00fc bak\u0131c\u0131 \u00fccreti; 5000 TL,<br> \u0130stanbul yat\u0131l\u0131 bak\u0131c\u0131 \u00fccreti; 7000 TL,<br> Ankara g\u00fcnd\u00fczl\u00fc bak\u0131c\u0131 \u00fccreti; 5000 TL,<br> Ankara yat\u0131l\u0131 bak\u0131c\u0131 \u00fccreti; 6000 TL,<br> \u0130zmir g\u00fcnd\u00fczl\u00fc bak\u0131c\u0131 \u00fccreti; 4500 TL,<br> \u0130zmir yat\u0131l\u0131 bak\u0131c\u0131 \u00fccreti; 6000 TL &#8216; den ba\u015flamaktad\u0131r.   <\/p>\n\n\n\n<figure class=\"wp-block-image size-large\"><img decoding=\"async\" loading=\"lazy\" width=\"847\" height=\"480\" src=\"https:\/\/evdekibakicimstorage.blob.core.windows.net\/wordpress\/2022\/01\/Mother-and-Baby-847x480.jpg\" alt=\"\" class=\"wp-image-40831\"\/><\/figure>\n\n\n\n<h2>Bak\u0131c\u0131 Maa\u015f\u0131 Bak\u0131c\u0131 Tercihinde \u00d6nceli\u011finiz Olmas\u0131n <\/h2>\n\n\n\n<p>Bak\u0131c\u0131l\u0131k zor ve ciddi bir i\u015ftir. Bu i\u015fi yapacak ki\u015finin sorumlulu\u011funun fark\u0131nda ve g\u00fcvenilir biri olmas\u0131 son derece \u00f6nemlidir. Bu nedenle bak\u0131c\u0131 se\u00e7iminde kriterlerinizi belirlerken \u00f6nceli\u011finiz \u00f6deyece\u011finiz \u00fccretin miktar\u0131 olmamal\u0131d\u0131r. Elbette her ailenin bu konuda akl\u0131ndan ge\u00e7en bir b\u00fct\u00e7e olabilir. Ancak, ki\u015finin tecr\u00fcbesi, donan\u0131m\u0131 ve i\u015fini sevmesi sizin sonras\u0131nda alaca\u011f\u0131n\u0131z hizmetten memnun kalman\u0131z bak\u0131m\u0131ndan gereklidir. Di\u011fer taraftan bak\u0131c\u0131n\u0131z\u0131n bu i\u015fe uygun olmamas\u0131 s\u0131k \u00e7al\u0131\u015fan de\u011fi\u015ftirmenize neden olur. Bu da hem bak\u0131m alan ki\u015fi i\u00e7in, hem de sizin i\u00e7in yorucu ve s\u0131k\u0131nt\u0131l\u0131 bir durumdur. \u00d6zellikle bebek\/\u00e7ocuk bak\u0131m\u0131nda bak\u0131c\u0131 de\u011fi\u015fikli\u011finin \u00e7ocuk geli\u015fiminde olumsuz etkileri oldu\u011fu uzmanlar taraf\u0131ndan belirtilmektedir. Yine s\u00fcrekli bak\u0131c\u0131 aray\u0131\u015f\u0131nda olmak i\u015f motivasyonunuzu d\u00fc\u015f\u00fcr\u00fcr ve sizi yorar.<\/p>\n\n\n\n<h2>\u0130yi Bir Bak\u0131c\u0131n\u0131n Sahip Olmas\u0131 Gereken Nitelikleri Ara\u015ft\u0131r\u0131n <\/h2>\n\n\n\n<p>Gerek bebek\/\u00e7ocuk, gerekse hasta\/ya\u015fl\u0131 bak\u0131m\u0131nda \u00e7al\u0131\u015faca\u011f\u0131n\u0131z ki\u015finin ki\u015filik \u00f6zellikleri ve mesleki yeterlilikleri bak\u0131m\u0131ndan bu i\u015fe uygun olup olmad\u0131\u011f\u0131n\u0131 ara\u015ft\u0131rman\u0131z gerekir. Bu nedenle \u00f6ncelikle iyi bir bak\u0131c\u0131da bulunmas\u0131 gereken nitelikleri bilmenizde fayda var. Genel olarak;<\/p>\n\n\n\n<ul><li> Sakin, sab\u0131rl\u0131, anlay\u0131\u015fl\u0131, g\u00fclery\u00fczl\u00fc<\/li><li> D\u00fcr\u00fcst<\/li><li> Sorumluluk sahibi<\/li><li> \u0130\u015fini seven<\/li><li> Dinamik<\/li><li> \u0130leti\u015fime a\u00e7\u0131k<\/li><li> Ki\u015fisel bak\u0131m ve hijyenine dikkat eden<\/li><li> D\u00fczenli<\/li><li> Sa\u011fl\u0131kl\u0131<\/li><li> \u00c7ocuk geli\u015fimi, ilkyard\u0131m, hasta bak\u0131m\u0131 vb. konularda e\u011fitimli ya da bilgi sahibi<\/li><li> G\u00fcvenilir referanslara sahip ki\u015filerin bu i\u015f daha ideal oldu\u011funu d\u00fc\u015f\u00fcnebilirsiniz. <\/li><\/ul>\n\n\n\n<figure class=\"wp-block-image size-large\"><img decoding=\"async\" loading=\"lazy\" width=\"1170\" height=\"480\" src=\"https:\/\/evdekibakicimstorage.blob.core.windows.net\/wordpress\/2022\/01\/pexels-photo-3875083-1170x480.jpeg\" alt=\"\" class=\"wp-image-40832\"\/><\/figure>\n\n\n\n<h2>Bak\u0131c\u0131 Aray\u0131\u015f\u0131 \u00d6ncesi Beklenti ve \u0130htiya\u00e7lar\u0131n\u0131z\u0131 Belirleyin <\/h2>\n\n\n\n<p>Bak\u0131c\u0131 aray\u0131\u015f\u0131na ge\u00e7meden \u00f6nce yapman\u0131z gereken ilk \u015fey beklenti ve ihtiya\u00e7lar\u0131n\u0131z\u0131 belirlemek olmal\u0131d\u0131r. E\u011fer bu s\u00fcreci planlarsan\u0131z, daha k\u0131sa s\u00fcrede arad\u0131\u011f\u0131n\u0131z do\u011fru ki\u015fiye ula\u015fabilirsiniz. \u00d6rne\u011fin; tam zamanl\u0131 m\u0131 yoksa yat\u0131l\u0131 bir \u00e7al\u0131\u015fana m\u0131 ihtiyac\u0131n\u0131z var? Beklentiniz sadece bak\u0131m m\u0131, yoksa bak\u0131c\u0131n\u0131z\u0131n ev i\u015flerinde de sorumluluk almas\u0131n\u0131 istiyor musunuz? \u00d6deyebilece\u011finiz \u00fccret aral\u0131\u011f\u0131 ne? Sizin i\u00e7in bir bak\u0131c\u0131da olmazsa olmaz \u00f6zellikler neler? Bu ve benzeri sorular\u0131 yan\u0131tlarsan\u0131z, nas\u0131l birini arad\u0131\u011f\u0131n\u0131z konusunda daha net olursunuz. Bu sayede karars\u0131zl\u0131k ya\u015famaz ve gereksiz g\u00f6r\u00fc\u015fmeler yapmam\u0131\u015f olursunuz.<\/p>\n\n\n\n<h2>EvdekiBak\u0131c\u0131m \u0130le G\u00f6r\u00fc\u015fmeden Bak\u0131c\u0131 Karar\u0131n\u0131z\u0131 Vermeyin <\/h2>\n\n\n\n<p>Bebek bak\u0131m\u0131 konusunda profesyonel biriyle \u00e7al\u0131\u015fmak, bebe\u011finizin sa\u011fl\u0131kl\u0131 b\u00fcy\u00fcmesinde b\u00fcy\u00fck rol oynar. Bebe\u011finizin ihtiya\u00e7lar\u0131n\u0131n zaman\u0131nda ve eksiksiz kar\u015f\u0131lanmas\u0131, bak\u0131m\u0131n\u0131n en iyi \u015fekilde yap\u0131lmas\u0131 sizi \u00e7ok rahatlat\u0131r. <a href=\"https:\/\/www.evdekibakicim.com\/\">EvdekiBak\u0131c\u0131m<\/a> ailesi olarak donan\u0131ml\u0131 ve uzman kadromuzla 2015 y\u0131l\u0131ndan bu yana ailelerin beklentilerini kar\u015f\u0131laman\u0131n mutlulu\u011funu ya\u015f\u0131yoruz. Ayr\u0131ca s\u00fcre\u00e7 boyunca uzmanlar\u0131m\u0131zdan dan\u0131\u015fmanl\u0131k hizmeti de alabilirsiniz. Whatsapp destek hatt\u0131 \u00fczerinden, Instagram DM\u2019den ya da sitemizdeki ba\u015fvuru formunu doldurarak bize ula\u015fabilirsiniz.<\/p>\n","protected":false},"excerpt":{"rendered":"<p>Bak\u0131c\u0131 \u00fccretleri, ailelerin en \u00e7ok merak ettikleri konular\u0131n ba\u015f\u0131nda gelmektedir. De\u011fi\u015fen aile yap\u0131s\u0131, annelerin de i\u015f hayat\u0131nda aktif olarak rol almas\u0131 gibi sebeplerle pek \u00e7ok aile \u00e7ocuk veya hasta\/ya\u015fl\u0131 bak\u0131m\u0131nda&#8230;<\/p>\n","protected":false},"author":1,"featured_media":40836,"comment_status":"open","ping_status":"open","sticky":false,"template":"","format":"standard","meta":[],"categories":[77,79,1,80],"tags":[],"_links":{"self":[{"href":"https:\/\/www.evdekibakicim.com\/blog\/wp-json\/wp\/v2\/posts\/7032"}],"collection":[{"href":"https:\/\/www.evdekibakicim.com\/blog\/wp-json\/wp\/v2\/posts"}],"about":[{"href":"https:\/\/www.evdekibakicim.com\/blog\/wp-json\/wp\/v2\/types\/post"}],"author":[{"embeddable":true,"href":"https:\/\/www.evdekibakicim.com\/blog\/wp-json\/wp\/v2\/users\/1"}],"replies":[{"embeddable":true,"href":"https:\/\/www.evdekibakicim.com\/blog\/wp-json\/wp\/v2\/comments?post=7032"}],"version-history":[{"count":4,"href":"https:\/\/www.evdekibakicim.com\/blog\/wp-json\/wp\/v2\/posts\/7032\/revisions"}],"predecessor-version":[{"id":40834,"href":"https:\/\/www.evdekibakicim.com\/blog\/wp-json\/wp\/v2\/posts\/7032\/revisions\/40834"}],"wp:featuredmedia":[{"embeddable":true,"href":"https:\/\/www.evdekibakicim.com\/blog\/wp-json\/wp\/v2\/media\/40836"}],"wp:attachment":[{"href":"https:\/\/www.evdekibakicim.com\/blog\/wp-json\/wp\/v2\/media?parent=7032"}],"wp:term":[{"taxonomy":"category","embeddable":true,"href":"https:\/\/www.evdekibakicim.com\/blog\/wp-json\/wp\/v2\/categories?post=7032"},{"taxonomy":"post_tag","embeddable":true,"href":"https:\/\/www.evdekibakicim.com\/blog\/wp-json\/wp\/v2\/tags?post=7032"}],"curies":[{"name":"wp","href":"https:\/\/api.w.org\/{rel}","templated":true}]}}