{"id":6830,"date":"2021-03-29T09:08:00","date_gmt":"2021-03-29T06:08:00","guid":{"rendered":"https:\/\/www.evdekibakicim.com\/blog\/?p=6830"},"modified":"2021-02-18T13:59:07","modified_gmt":"2021-02-18T10:59:07","slug":"bakici-mulakati-oncesi-mutlaka-oku","status":"publish","type":"post","link":"https:\/\/www.evdekibakicim.com\/blog\/makale\/bakici-mulakati-oncesi-mutlaka-oku\/","title":{"rendered":"Bak\u0131c\u0131 M\u00fclakat\u0131 \u00d6ncesi Mutlaka Oku"},"content":{"rendered":"\n<p>Bak\u0131c\u0131 se\u00e7imi aileler i\u00e7in son derece \u00f6nemli bir konu. Do\u011fru ki\u015fiyi bulman\u0131z, i\u015f hayat\u0131na g\u00f6n\u00fcl rahatl\u0131\u011f\u0131yla d\u00f6nmenizi sa\u011flar. Ayr\u0131ca \u00e7ocu\u011funuzun ya da hasta\/ya\u015fl\u0131 yak\u0131n\u0131n\u0131z\u0131n emin ellerde olmas\u0131n\u0131n huzurunu ya\u015fars\u0131n\u0131z. <strong>Bak\u0131c\u0131 m\u00fclakat\u0131<\/strong> do\u011fru yard\u0131mc\u0131y\u0131 bulman\u0131zda b\u00fcy\u00fck rol oynar. Yaz\u0131m\u0131z\u0131n devam\u0131nda yard\u0131mc\u0131n\u0131z\u0131 i\u015fe almadan \u00f6nce izlemeniz gereken ad\u0131mlar\u0131n\u0131 ve do\u011fru ki\u015fiyi bulman\u0131n ipu\u00e7lar\u0131n\u0131 bulabilirsiniz.<\/p>\n\n\n\n<h2>\u0130yi Bir Bak\u0131c\u0131n\u0131n Sahip Olmas\u0131 Gereken \u00d6zellikler Neler? <\/h2>\n\n\n\n<p>\u00c7al\u0131\u015fmay\u0131 d\u00fc\u015f\u00fcnd\u00fc\u011f\u00fcn\u00fcz aday\u0131n, bebek veya hasta\/ya\u015fl\u0131 bak\u0131m\u0131 hakk\u0131nda donan\u0131ml\u0131 ve bilgili olmas\u0131n\u0131n yan\u0131 s\u0131ra ki\u015fisel niteliklerinin de bu i\u015fe uygun olmas\u0131 son derece \u00f6nemli.  Bu nedenle bak\u0131c\u0131 adaylar\u0131n\u0131zla g\u00f6r\u00fc\u015f\u00fcrken ki\u015filiklerini de anlamaya \u00e7al\u0131\u015f\u0131n. Bu noktada beden dili, jest ve mimikleri, kendini ifade edi\u015f \u015fekilleri de size pek \u00e7ok ipucu verir. Genel olarak iyi bir bak\u0131c\u0131n\u0131n;  <\/p>\n\n\n\n<ul><li>Sakin, sab\u0131rl\u0131 ve \u015fefkatli,<\/li><li>G\u00fcler y\u00fczl\u00fc,<\/li><li>\u00c7ocuklar\u0131 seven,<\/li><li>Merhametli,<\/li><li>Pozitif ileti\u015fim kuran,<\/li><li>Sorumluluk sahibi,<\/li><li>D\u00fcr\u00fcst,<\/li><li>D\u00fczenli,<\/li><li>Dinamik,<\/li><li>Ki\u015fisel bak\u0131m ve hijyenine \u00f6nem veren,<\/li><li>Psikolojik ve bedensel olarak sa\u011fl\u0131kl\u0131 olmas\u0131 beklenir.<\/li><\/ul>\n\n\n\n<figure class=\"wp-block-image size-large is-resized\"><img decoding=\"async\" loading=\"lazy\" src=\"https:\/\/evdekibakicimstorage.blob.core.windows.net\/wordpress\/2019\/11\/photo-1562887194-f0bca025726c-5dd454111a32f-1170x480.jpg\" alt=\"bak\u0131c\u0131 m\u00fclakat\u0131\" class=\"wp-image-4199\" width=\"595\" height=\"243\"\/><figcaption><strong>Bebek bak\u0131m\u0131 konusunda donan\u0131ml\u0131 ve tecr\u00fcbeli ki\u015fi ile \u00e7al\u0131\u015fmak bebe\u011finizin sa\u011fl\u0131kl\u0131 ve huzurlu b\u00fcy\u00fcmesinde b\u00fcy\u00fck rol oynar<\/strong><\/figcaption><\/figure>\n\n\n\n<h2>1- Bak\u0131c\u0131 M\u00fclakat\u0131: \u0130lk G\u00f6r\u00fc\u015fmeye Haz\u0131rl\u0131kl\u0131 Gidin<\/h2>\n\n\n\n<p>Bak\u0131c\u0131 aday\u0131n\u0131zla ilgili karar vermenizde ilk g\u00f6r\u00fc\u015fmeniz olduk\u00e7a etkilidir. Bu nedenle ilk g\u00f6r\u00fc\u015fmeye haz\u0131rl\u0131kl\u0131 gidin. Kriterlerinizi belirleyin, sormak istediklerinizi not al\u0131n. Hi\u00e7bir detay\u0131 atlamay\u0131n ve soru i\u015faretinizin kalmayaca\u011f\u0131 bir g\u00f6r\u00fc\u015fme ger\u00e7ekle\u015ftirin. Di\u011fer taraftan ilk kar\u015f\u0131la\u015fmada edindi\u011finiz izlenime g\u00f6re kendinize bir yol \u00e7izebilirsiniz.<\/p>\n\n\n\n<h2>2- Ki\u015fisel ve Mesleki Niteliklerini Anlamaya Y\u00f6nelik Sorular Sorun<\/h2>\n\n\n\n<p>Etkili bak\u0131c\u0131 m\u00fclakat\u0131 i\u00e7in soraca\u011f\u0131n\u0131z sorular\u0131 titiz bir \u015fekilde haz\u0131rlay\u0131n. Bu sorular aday\u0131n\u0131z\u0131n ki\u015fisel ve mesleki niteliklerini anlamaya y\u00f6nelik olsun. K\u0131sacas\u0131 size \u00e7al\u0131\u015faca\u011f\u0131n\u0131z ki\u015fi hakk\u0131nda bilgi verecek sorular sormaya \u00e7al\u0131\u015f\u0131n. Sorular\u0131 not etmeniz, hi\u00e7bir noktay\u0131 atlamaman\u0131z a\u00e7\u0131s\u0131ndan \u00f6nemli. Sorabilece\u011finiz baz\u0131 sorular \u015funlard\u0131r:<\/p>\n\n\n\n<ul><li>Ka\u00e7 y\u0131ld\u0131r bak\u0131c\u0131l\u0131k yap\u0131yorsunuz?<\/li><li>En son \u00e7al\u0131\u015ft\u0131\u011f\u0131n\u0131z yerden ayr\u0131lma sebebiniz neydi?<\/li><li>Kendinizi nas\u0131l tan\u0131mlars\u0131n\u0131z? Bu i\u015f i\u00e7in hangi y\u00f6nlerinizin uygun oldu\u011funu d\u00fc\u015f\u00fcn\u00fcyorsunuz?<\/li><li>Bu mesle\u011fi se\u00e7me sebebiniz nedir?<\/li><li>\u0130lkyard\u0131m, \u00e7ocuk geli\u015fimi gibi konularda e\u011fitiminiz var m\u0131?<\/li><li>Referans g\u00f6sterebilece\u011finiz birileri var m\u0131?<\/li><\/ul>\n\n\n\n<p>Bu sorular\u0131n yan\u0131 s\u0131ra, bak\u0131c\u0131 aday\u0131n\u0131z\u0131n nerede ya\u015fad\u0131\u011f\u0131, medeni durumu, hangi ya\u015f grubu ile \u00e7al\u0131\u015ft\u0131\u011f\u0131, kriz anlar\u0131nda neler yapt\u0131\u011f\u0131 ile ilgili de sorular sorman\u0131z karar vermenizi kolayla\u015ft\u0131r\u0131r.<\/p>\n\n\n\n<figure class=\"wp-block-image size-large is-resized\"><img decoding=\"async\" loading=\"lazy\" src=\"https:\/\/evdekibakicimstorage.blob.core.windows.net\/wordpress\/2020\/09\/pexels-photo-428388.jpeg\" alt=\"bak\u0131c\u0131 m\u00fclakat\u0131\" class=\"wp-image-6673\" width=\"591\" height=\"394\"\/><figcaption> <strong>Bak\u0131c\u0131 m\u00fclakat\u0131 s\u0131ras\u0131nda dikkat etmeniz gereken noktalardan biri, aday\u0131n\u0131z\u0131n sorular\u0131n\u0131za verdi\u011fi cevaplar kadar beden dili, jest ve mimiklerini g\u00f6zlemlemenizdir <\/strong><\/figcaption><\/figure>\n\n\n\n<h2>3- Bak\u0131c\u0131 M\u00fclakat\u0131 S\u0131ras\u0131nda Aday\u0131n\u0131z\u0131n Beden Dilini G\u00f6zlemleyin<\/h2>\n\n\n\n<p>Bak\u0131c\u0131 m\u00fclakat\u0131 s\u0131ras\u0131nda dikkat etmeniz gereken noktalardan biri, aday\u0131n\u0131z\u0131n sorular\u0131n\u0131za verdi\u011fi cevaplar kadar beden dili, jest ve mimikleri. S\u00f6zs\u00fcz ileti\u015fim de denilen bu yolla bak\u0131c\u0131 aday\u0131n\u0131z hakk\u0131nda fikir edinebilirsiniz. Bu sayede karar vermeniz de daha kolay olur. Bak\u0131c\u0131n\u0131z g\u00f6z temas\u0131 kurmaktan ka\u00e7\u0131n\u0131yorsa, a\u015f\u0131r\u0131 gergin ve stresli g\u00f6r\u00fcn\u00fcyorsa karar vermek i\u00e7in acele etmeyebilirsiniz.<\/p>\n\n\n\n<h2>4- Bak\u0131c\u0131 M\u00fclakat\u0131 S\u0131ras\u0131nda A\u00e7\u0131k ve \u015eeffaf Olun<\/h2>\n\n\n\n<p>Bak\u0131c\u0131 aday\u0131n\u0131zla yapaca\u011f\u0131n\u0131z m\u00fclakatta a\u00e7\u0131k ve net olun. Belirsiz hi\u00e7bir nokta kalmamas\u0131 sonras\u0131nda ya\u015fayaca\u011f\u0131n\u0131z pek \u00e7ok sorunu \u00e7\u00f6zer. Bu nedenle beklentilerinizi, \u00e7al\u0131\u015fma \u015fartlar\u0131n\u0131z\u0131, nas\u0131l birine ihtiya\u00e7 duydu\u011funuzu ve bak\u0131m hizmeti alaca\u011f\u0131n\u0131z ki\u015finin \u00f6zelliklerini  \u00e7al\u0131\u015fmay\u0131 d\u00fc\u015f\u00fcnd\u00fc\u011f\u00fcn\u00fcz ki\u015fiyle payla\u015f\u0131n. S\u0131n\u0131rlar\u0131n\u0131z\u0131 ba\u015ftan \u00e7izmeniz ve s\u00f6ylemeniz sa\u011fl\u0131kl\u0131 bir ileti\u015fim kurabilmenizin ko\u015fulu, unutmay\u0131n.<\/p>\n\n\n\n<h2>5- Bak\u0131c\u0131n\u0131z\u0131n Beklentilerini Dinleyin<\/h2>\n\n\n\n<p>Bak\u0131c\u0131 m\u00fclakat\u0131nda sizin beklenti ve talepleriniz kadar bak\u0131c\u0131 aday\u0131n\u0131z\u0131n da d\u00fc\u015f\u00fcnceleri \u00f6nemlidir. Bu nedenle aday\u0131n\u0131z\u0131 da dinleyin, onun da merak etti\u011fi, sormak istedi\u011fi sorular\u0131 a\u00e7\u0131kl\u0131kla cevaplay\u0131n. Sa\u011fl\u0131kl\u0131 bir i\u015fveren-\u00e7al\u0131\u015fan ili\u015fkisi kurmak i\u00e7in ilk kar\u015f\u0131la\u015fmadan itibaren iki taraf\u0131n da \u015feffaf olmas\u0131 gerekir.<\/p>\n\n\n\n<figure class=\"wp-block-image size-large is-resized\"><img decoding=\"async\" loading=\"lazy\" src=\"https:\/\/evdekibakicimstorage.blob.core.windows.net\/wordpress\/2020\/09\/photo-1583710457367-47de0ea21fef-1050x480.jpg\" alt=\"bak\u0131c\u0131 m\u00fclakat\u0131\" class=\"wp-image-6562\" width=\"590\" height=\"270\"\/><figcaption><strong>Bak\u0131c\u0131 m\u00fclakat\u0131nda bak\u0131c\u0131n\u0131zla ilgili ki\u015fisel bilgileri ve mesleki yeterlilikleri ile ilgili bilgi sahibi olaca\u011f\u0131n\u0131z sorular sorun<\/strong><\/figcaption><\/figure>\n\n\n\n<h2>6- Bak\u0131c\u0131 M\u00fclakat\u0131nda G\u00f6rev Tan\u0131m\u0131n\u0131z\u0131 Netle\u015ftirin<\/h2>\n\n\n\n<p>Bak\u0131c\u0131n\u0131zla ilk g\u00f6r\u00fc\u015fmenizde g\u00f6rev tan\u0131m\u0131n\u0131z\u0131 netle\u015ftirin. \u00d6rne\u011fin; bak\u0131c\u0131n\u0131z\u0131n sorumlulu\u011fu \u00e7ocu\u011funuza veya hasta\/ya\u015fl\u0131 yak\u0131n\u0131n\u0131za bakmakla m\u0131 s\u0131n\u0131rl\u0131, yoksa yemek, \u00fct\u00fc, al\u0131\u015fveri\u015f gibi ev i\u015flerinde de sorumluluk almas\u0131n\u0131 istiyor musunuz? Tam zamanl\u0131, yar\u0131 zamanl\u0131 veya yat\u0131l\u0131 m\u0131 \u00e7al\u0131\u015fmas\u0131n\u0131 bekliyorsunuz? Bu tip konular\u0131 bak\u0131c\u0131n\u0131zla konu\u015fun ve netle\u015ftirin.<\/p>\n\n\n\n<h2>7- Bak\u0131c\u0131 Aday\u0131n\u0131z\u0131n Uzun S\u00fcreli \u00c7al\u0131\u015fmas\u0131na Engel Bir Durum Olup Olmad\u0131\u011f\u0131n\u0131 \u00d6\u011frenin<\/h2>\n\n\n\n<p>Bak\u0131c\u0131 aday\u0131n\u0131z ile anla\u015fmadan \u00f6nce uzun s\u00fcreli \u00e7al\u0131\u015f\u0131p \u00e7al\u0131\u015famayaca\u011f\u0131n\u0131 \u00f6\u011frenin. Hamilelik, sa\u011fl\u0131k problemleri, bak\u0131c\u0131l\u0131\u011fa ge\u00e7ici i\u015f g\u00f6z\u00fcyle bakmak yard\u0131mc\u0131n\u0131z\u0131n uzun s\u00fcreli \u00e7al\u0131\u015fmas\u0131na engel durumlar aras\u0131nda yer al\u0131r. Di\u011fer taraftan s\u0131k bak\u0131c\u0131 de\u011fi\u015ftirmek hem sizin i\u00e7in, hem de bebe\u011finiz i\u00e7in yorucu ve s\u0131k\u0131nt\u0131l\u0131 bir s\u00fcrece neden olur. Bebe\u011finiz bak\u0131m\u0131n\u0131 \u00fcstlenen ki\u015finin s\u0131k de\u011fi\u015fmesi kar\u015f\u0131s\u0131nda huzursuzlan\u0131r ve kayg\u0131 duyar. Ba\u011flanma ve g\u00fcven problemi olu\u015fabilir. Bu nedenle bak\u0131c\u0131n\u0131z\u0131n uzun s\u00fcreli sizle \u00e7al\u0131\u015fabilece\u011finden emin olmak i\u00e7in m\u00fclakatta bu hususa da yer verin.<\/p>\n\n\n\n<h2>8- Bak\u0131c\u0131 M\u00fclakat\u0131 \u00d6ncesi Yabanc\u0131 Bak\u0131c\u0131 \u0130\u00e7in Prosed\u00fcrleri \u00d6\u011frenin<\/h2>\n\n\n\n<p>Yabanc\u0131 bir bak\u0131c\u0131 ile \u00e7al\u0131\u015fmay\u0131 d\u00fc\u015f\u00fcn\u00fcyorsan\u0131z, oturma ve \u00e7al\u0131\u015fma izni gibi prosed\u00fcrleri m\u00fclakat s\u0131ras\u0131nda \u00f6\u011frenmeniz olduk\u00e7a \u00f6nemli. \u00c7\u00fcnk\u00fc, yabanc\u0131 yard\u0131mc\u0131y\u0131 izinsiz \u00e7al\u0131\u015ft\u0131rman\u0131z durumunda su\u00e7lu duruma d\u00fc\u015fmeniz ve tekrar bak\u0131c\u0131 aray\u0131\u015f\u0131na girmeniz ka\u00e7\u0131n\u0131lmaz. Bu nedenle m\u00fclakat \u00f6ncesi yabanc\u0131 yard\u0131mc\u0131 \u00e7al\u0131\u015ft\u0131rmakla ilgili detaylar\u0131 ara\u015ft\u0131r\u0131n ve gerekli prosed\u00fcrleri \u00f6\u011frenin.<\/p>\n\n\n\n<figure class=\"wp-block-image size-large is-resized\"><img decoding=\"async\" loading=\"lazy\" src=\"https:\/\/evdekibakicimstorage.blob.core.windows.net\/wordpress\/2019\/11\/baby-baby-eating-chair-973970-1170x480.jpg\" alt=\"bak\u0131c\u0131 m\u00fclakat\u0131\" class=\"wp-image-4201\" width=\"592\" height=\"242\"\/><figcaption><strong>Bak\u0131c\u0131 bulmak i\u00e7in, profesyonel destek almak arad\u0131\u011f\u0131n\u0131z ki\u015fiye k\u0131sa s\u00fcrede ula\u015fman\u0131z\u0131 ve daha az yorulman\u0131z\u0131 sa\u011flar<\/strong><\/figcaption><\/figure>\n\n\n\n<h2>9- Profesyonel Destek Al\u0131n<\/h2>\n\n\n\n<p>Donan\u0131ml\u0131 ve tecr\u00fcbeli bak\u0131c\u0131 ile \u00e7al\u0131\u015fmak \u00e7ocu\u011funuzun geli\u015fimi ve sizin g\u00f6n\u00fcl rahatl\u0131\u011f\u0131 ile evden ayr\u0131lman\u0131z a\u00e7\u0131s\u0131ndan son derece \u00f6nemli. Bu nedenle bak\u0131c\u0131 aray\u0131\u015f\u0131n\u0131zda profesyonel destek almak i\u015finizi kolayla\u015ft\u0131r\u0131r.  2015 y\u0131l\u0131ndan bu yana ailelere evde bak\u0131m hizmetleri konusunda dan\u0131\u015fmanl\u0131k yapan ve beklentilerine uygun bak\u0131c\u0131 adaylar\u0131 ile bulu\u015fturan sekt\u00f6rde lider konumda olan EvdekiBak\u0131c\u0131m sayesinde siz de arad\u0131\u011f\u0131n\u0131z do\u011fru ki\u015fiyi k\u0131sa s\u00fcrede bulabilirsiniz. EvdekiBak\u0131c\u0131m t\u00fcm adaylar\u0131 \u00e7e\u015fitli m\u00fclakatlardan ge\u00e7irir, sa\u011fl\u0131k taramas\u0131, \u00e7al\u0131\u015fma-oturma izni gibi prosed\u00fcrleri de sizin i\u00e7in halleder.  <\/p>\n\n\n\n<h2>EvdekiBak\u0131c\u0131m&#8217;a Nas\u0131l Ula\u015fabilirsiniz? <\/h2>\n\n\n\n<p>\u0130ster bebe\u011finiz i\u00e7in, ister hasta\/ya\u015fl\u0131 yak\u0131n\u0131n\u0131z i\u00e7in bak\u0131c\u0131 aray\u0131\u015f\u0131nda olun, k\u0131sa s\u00fcrede ve kolayca arad\u0131\u011f\u0131n\u0131z ki\u015fiyi bulmak i\u00e7in <a href=\"https:\/\/www.evdekibakicim.com\/\">EvdekiBak\u0131c\u0131m<\/a>&#8216;\u0131 ziyaret etmeye ne dersiniz? Uzun y\u0131llard\u0131r profesyonel kadrosu ile bu alanda g\u00fcvenilir hizmet sunan ajans\u0131m\u0131z\u0131n en b\u00fcy\u00fck referans\u0131, ailelerin olumlu geri d\u00f6n\u00fctleri ve memnuniyetleri. Siz de whatsapp destek hatt\u0131 \u00fczerinden,&nbsp;<a href=\"https:\/\/www.instagram.com\/evdekibakicim\/\">Instagram DM<\/a>\u2019den ya da sitemizdeki&nbsp;<a href=\"https:\/\/merhaba.evdekibakicim.com\/hemen-bakici-bul\/\">ba\u015fvuru formunu<\/a>&nbsp;doldurarak bize ula\u015fabilir ve Mutlu ailelerimizin aras\u0131na kat\u0131labilirsiniz. <\/p>\n","protected":false},"excerpt":{"rendered":"<p>Bak\u0131c\u0131 se\u00e7imi aileler i\u00e7in son derece \u00f6nemli bir konu. Do\u011fru ki\u015fiyi bulman\u0131z, i\u015f hayat\u0131na g\u00f6n\u00fcl rahatl\u0131\u011f\u0131yla d\u00f6nmenizi sa\u011flar. Ayr\u0131ca \u00e7ocu\u011funuzun ya da hasta\/ya\u015fl\u0131 yak\u0131n\u0131n\u0131z\u0131n emin ellerde olmas\u0131n\u0131n huzurunu ya\u015fars\u0131n\u0131z. Bak\u0131c\u0131&#8230;<\/p>\n","protected":false},"author":1,"featured_media":3701,"comment_status":"open","ping_status":"open","sticky":false,"template":"","format":"standard","meta":[],"categories":[1],"tags":[],"_links":{"self":[{"href":"https:\/\/www.evdekibakicim.com\/blog\/wp-json\/wp\/v2\/posts\/6830"}],"collection":[{"href":"https:\/\/www.evdekibakicim.com\/blog\/wp-json\/wp\/v2\/posts"}],"about":[{"href":"https:\/\/www.evdekibakicim.com\/blog\/wp-json\/wp\/v2\/types\/post"}],"author":[{"embeddable":true,"href":"https:\/\/www.evdekibakicim.com\/blog\/wp-json\/wp\/v2\/users\/1"}],"replies":[{"embeddable":true,"href":"https:\/\/www.evdekibakicim.com\/blog\/wp-json\/wp\/v2\/comments?post=6830"}],"version-history":[{"count":6,"href":"https:\/\/www.evdekibakicim.com\/blog\/wp-json\/wp\/v2\/posts\/6830\/revisions"}],"predecessor-version":[{"id":7118,"href":"https:\/\/www.evdekibakicim.com\/blog\/wp-json\/wp\/v2\/posts\/6830\/revisions\/7118"}],"wp:featuredmedia":[{"embeddable":true,"href":"https:\/\/www.evdekibakicim.com\/blog\/wp-json\/wp\/v2\/media\/3701"}],"wp:attachment":[{"href":"https:\/\/www.evdekibakicim.com\/blog\/wp-json\/wp\/v2\/media?parent=6830"}],"wp:term":[{"taxonomy":"category","embeddable":true,"href":"https:\/\/www.evdekibakicim.com\/blog\/wp-json\/wp\/v2\/categories?post=6830"},{"taxonomy":"post_tag","embeddable":true,"href":"https:\/\/www.evdekibakicim.com\/blog\/wp-json\/wp\/v2\/tags?post=6830"}],"curies":[{"name":"wp","href":"https:\/\/api.w.org\/{rel}","templated":true}]}}