{"id":6037,"date":"2020-05-16T16:00:53","date_gmt":"2020-05-16T13:00:53","guid":{"rendered":"https:\/\/www.evdekibakicim.com\/blog\/?p=6037"},"modified":"2020-06-22T13:17:00","modified_gmt":"2020-06-22T10:17:00","slug":"ev-dezenfeksiyonu-neden-onemli","status":"publish","type":"post","link":"https:\/\/www.evdekibakicim.com\/blog\/makale\/ev-dezenfeksiyonu-neden-onemli\/","title":{"rendered":"Ev Dezenfeksiyonu Neden \u00d6nemli?"},"content":{"rendered":"\n<p>Korona vir\u00fcs pandemisinin ya\u015fand\u0131\u011f\u0131 \u015fu g\u00fcnlerde, ki\u015fisel hijyenimiz kadar bulundu\u011fumuz ortamlar\u0131n da hijyenik olmas\u0131 son derece \u00f6nemli. Bu nedenle sosyal izolasyon, maske ve dezenfektan kullan\u0131m\u0131, \u00f6zellikle el hijyenine \u00f6nem vermenin yan\u0131 s\u0131ra hem evimizin, hem de \u00e7al\u0131\u015ft\u0131\u011f\u0131m\u0131z yerin dezenfeksiyonunu yapt\u0131rmak kendimizi ve sevdiklerimizi korumak a\u00e7\u0131s\u0131ndan b\u00fcy\u00fck bir avantaj. Peki,  i\u015f yeri ve <strong>ev dezenfeksiyonu <\/strong>yapt\u0131r\u0131rken nelere dikkat etmelisiniz? Ev dezenfeksiyonunun p\u00fcf noktalar\u0131 neler? Dezenfeksiyon \u00fccreti nas\u0131l belirlenir?  T\u00fcm bu sorular\u0131n yan\u0131tlar\u0131, yaz\u0131m\u0131zda\u2026<\/p>\n\n\n\n<h2>Dezenfeksiyon \u0130\u015flemi Nedir?<\/h2>\n\n\n\n<p>Dezenfeksiyon i\u015flemi; \u00f6zellikle vir\u00fcs nedeniyle olu\u015fan bula\u015f\u0131c\u0131 hastal\u0131klar\u0131n yay\u0131lmas\u0131n\u0131 engellemek amac\u0131yla yap\u0131lan koruyucu bir i\u015flemdir. \u00d6zellikle, korona vir\u00fcs (COVID-19) pandemisi ya\u015fanan \u015fu s\u00fcre\u00e7te belirli aral\u0131klarla i\u015flemin tekrar\u0131 \u00f6nerilmektedir. Burada dikkat edilmesi gereken, dezenfeksiyon s\u0131ras\u0131nda kullan\u0131lan dezenfektan\u0131n etkinli\u011fi ve koruyuculu\u011funun ara\u015ft\u0131r\u0131lmas\u0131d\u0131r. Yine, bu i\u015flemi uygulayacak firman\u0131n yetkin ve g\u00fcvenilir olmas\u0131 da hizmet kalitesi a\u00e7\u0131s\u0131ndan \u00f6nemlidir.<\/p>\n\n\n\n<h2>Korona Vir\u00fcse Kar\u015f\u0131 Nano Dezenfeksiyon Neden Tercih Edilmeli?<\/h2>\n\n\n\n<p>Korona vir\u00fcs damlac\u0131klar yoluyla \u00e7ok h\u0131zl\u0131 yay\u0131lan ve kolay bula\u015fan bir vir\u00fcst\u00fcr. \u00d6zellikle kronik rahats\u0131zl\u0131\u011f\u0131 olan veya ileri ya\u015flarda olan ki\u015filerde a\u011f\u0131r seyreden hatta \u00f6l\u00fcmle sonu\u00e7lanan bu vir\u00fcse kar\u015f\u0131 kendinizi koruman\u0131n en etkili yollar\u0131ndan biri bulundu\u011funuz ortam\u0131n dezenfeksiyonudur.  Kendinizi korona vir\u00fcs ve di\u011fer bula\u015f\u0131c\u0131 hastal\u0131klardan korumak istiyorsan\u0131z,  nano dezenfeksiyon en g\u00fcvenilir,  en ideal ve pratik y\u00f6ntemlerden biri olarak kabul edilebilir.<\/p>\n\n\n\n<figure class=\"wp-block-image size-large is-resized\"><img decoding=\"async\" loading=\"lazy\" src=\"https:\/\/evdekibakicimstorage.blob.core.windows.net\/wordpress\/2019\/05\/smiling-woman-cleaning-carpet-holding-baby_1163-2434.jpg\" alt=\"ev dezenfeksiyonu\" class=\"wp-image-1935\" width=\"588\" height=\"391\"\/><figcaption><strong>Ev dezenfeksiyonu sayesinde korona vir\u00fcs pandemisinin oldu\u011fu \u015fu g\u00fcnlerde, kendiniz ve sevdikleriniz i\u00e7in daha g\u00fcvenli ortamlar olman\u0131n rahatl\u0131\u011f\u0131n\u0131 ya\u015fayabilirsiniz <\/strong><\/figcaption><\/figure>\n\n\n\n<h2>Dezenfeksiyon \u0130\u015fleminin Etkisi Nedir?<\/h2>\n\n\n\n<p>Dezenfeksiyon i\u015flemi; vir\u00fcs, bakteri ve mantarlara kar\u015f\u0131 yakla\u015f\u0131k y\u00fczde 99.99 etkiye sahiptir. Ayr\u0131ca nano dezenfeksiyon i\u015flemi ile dezenfekte edilen ortama bu maddelerin tutunmas\u0131n\u0131 da engellemi\u015f olursunuz. Ancak, daha \u00f6nce de belirtti\u011fimiz gibi i\u015flem s\u0131ras\u0131nda kullan\u0131lacak dezenfektan\u0131n kalitesi koruyuculu\u011funu belirleyen en \u00f6nemli kriterdir. Bu nedenle mutlaka g\u00fcvenilir bir firmadan bu i\u015flem i\u00e7in  destek al\u0131n.<\/p>\n\n\n\n<h2>Dezenfeksiyon \u0130\u015flemini Kimler Yapabilir?<\/h2>\n\n\n\n<p>Bu i\u015flemi yapacak ki\u015filerin belirli belge ve sertifikalara sahip olmas\u0131 son derece \u00f6nemlidir. Bu nedenle bu hizmeti mutlaka, deneyimli ve uzman firmalardan talep etmeniz \u00f6nerilir. EvdekiBak\u0131c\u0131m, uzun y\u0131llard\u0131r evde bak\u0131m hizmetleri  sekt\u00f6r\u00fcnde pek \u00e7ok aileye hizmet veren g\u00fcvenilir firmalar\u0131n ba\u015f\u0131nda gelmektedir. Son d\u00f6nemde, nano dezenfeksiyon y\u00f6ntemi ile hem evinizi, hem de i\u015f yerinizi koruma konusunda da sizlere hizmet sunmaktad\u0131r. Ailelerin memnuniyetleri ve olumlu geri d\u00f6n\u00fctleri en \u00f6nemli referans\u0131m\u0131zd\u0131r.<\/p>\n\n\n\n<h2>Ev Dezenfeksiyonu Nas\u0131l Yap\u0131l\u0131yor?<\/h2>\n\n\n\n<p><a href=\"https:\/\/www.prote.co\/\">Prote.co<\/a> olarak; Huwa-san TR50 adl\u0131 dezenfektan\u0131 kullan\u0131yoruz. G\u00fcm\u00fc\u015f ile stabilize edilmi\u015f, hidrojen peroksit i\u00e7eren bu \u00fcr\u00fcn vir\u00fcs, mantar ve bakterilerin hemen hemen hepsini yok eder.  Tamamen biyolojik olarak y\u0131k\u0131ld\u0131\u011f\u0131 i\u00e7in ortama ve sa\u011fl\u0131\u011fa zarar\u0131 yoktur. Hatta, bu \u00fcr\u00fcn \u00e7ok d\u00fc\u015f\u00fck konsantrasyonlarda g\u0131da dezenfeksiyonu i\u00e7in kullan\u0131lmaktad\u0131r. \u00d6zellikle alerjik bir yap\u0131n\u0131z varsa sizin i\u00e7in ideal oldu\u011fu s\u00f6ylenebilir.Di\u011fer kullan\u0131lan dezenfektan \u00e7e\u015fitlerine g\u00f6re etki s\u00fcresi ve etki spektrumu \u00e7ok daha geni\u015ftir. 20-30 g\u00fcn s\u00fcre boyunca ortamda vir\u00fcs tutunumunu engeller. <\/p>\n\n\n\n<figure class=\"wp-block-image size-large is-resized\"><img decoding=\"async\" loading=\"lazy\" src=\"https:\/\/evdekibakicimstorage.blob.core.windows.net\/wordpress\/2019\/09\/pexels-photo-373076-1170x480.jpg\" alt=\"ev dezenfeksiyonu\" class=\"wp-image-3701\" width=\"592\" height=\"242\"\/><figcaption><strong>\u00c7al\u0131\u015ft\u0131\u011f\u0131n\u0131z ortamlar\u0131n da nano dezenfeksiyon ile sterilize edilmesi; vir\u00fcs, bakteri ve mantarlar\u0131n b\u00fcy\u00fck oranda yok edilmesini sa\u011flar<\/strong><\/figcaption><\/figure>\n\n\n\n<h2>Ev Dezenfeksiyonu Nas\u0131l Ger\u00e7ekle\u015fiyor?<\/h2>\n\n\n\n<p>Dezenfeksiyon i\u015flemi ULV (so\u011fuk sisleme) veya s\u0131rt pulvizat\u00f6r\u00fc kullan\u0131larak yap\u0131l\u0131r. Ortamdaki t\u00fcm y\u00fczeylere, kap\u0131 kollar\u0131, \u0131s\u0131k anahtarlar\u0131 ve insanlar\u0131n ellerinin temas etti\u011fi her b\u00f6lgeye uygulan\u0131r. T\u00fcm y\u00fczey alan\u0131n\u0131 kapsayacak \u015fekilde dezenfeksiyon i\u015flemi yap\u0131l\u0131r. Dezenfeksiyon s\u0131ras\u0131nda ortam terki uygundur. 10-15 dakika havaland\u0131r\u0131ld\u0131ktan sonra ortam tekrar kullan\u0131labilir. Dezenfeksiyon sonras\u0131 temizli\u011fe gerek yoktur. <\/p>\n\n\n\n<h2>Nano Dezenfeksiyonun \u00d6zellikleri Nelerdir?<\/h2>\n\n\n\n<p><a href=\"https:\/\/www.prote.co\/\">Proteco&#8217;nun<\/a> kulland\u0131\u011f\u0131 nano dezenfeksiyon \u00fcr\u00fcn\u00fcn\u00fcn en b\u00fcy\u00fck \u00f6zelli\u011fi bitkisel olmas\u0131 yani ki\u015filer i\u00e7in hi\u00e7bir yan etkisinin olmamas\u0131d\u0131r. Uygulama sonras\u0131 k\u0131sa s\u00fcrede ortama d\u00f6nebilmeniz de b\u00fcy\u00fck avantajd\u0131r. Ayr\u0131ca anti alerjik \u00f6zelli\u011fine kar\u015f\u0131n vir\u00fcs, bakteri ve mantarlara kar\u015f\u0131 b\u00fcy\u00fck oranda etkili olmas\u0131 da \u00f6nemli bir art\u0131d\u0131r.<\/p>\n\n\n\n<p>Di\u011fer taraftan, sizin temizlik malzemeleri kullanarak yapaca\u011f\u0131n\u0131z temizlik ile  nano dezenfeksiyon farkl\u0131 i\u015flemlerdir ve etkileri aras\u0131nda da farkl\u0131l\u0131klar bulunmaktad\u0131r. Nano dezenfeksiyonun etki alan\u0131 daha b\u00fcy\u00fck, etki s\u00fcresi daha uzun ve daha pratiktir. Di\u011fer taraftan kimyasal i\u00e7ermemesi de sa\u011fl\u0131k a\u00e7\u0131s\u0131ndan daha uygundur.<\/p>\n\n\n\n<figure class=\"wp-block-image size-large is-resized\"><img decoding=\"async\" loading=\"lazy\" src=\"https:\/\/evdekibakicimstorage.blob.core.windows.net\/wordpress\/2019\/06\/photo-1495433324511-bf8e92934d90-1170x480.jpg\" alt=\"ev dezenfeksiyonu\" class=\"wp-image-2580\" width=\"597\" height=\"244\"\/><figcaption> <strong>Dezenfeksiyon i\u015fleminin uygulanaca\u011f\u0131 alan\u0131n b\u00fcy\u00fckl\u00fc\u011f\u00fc, kullan\u0131lacak \u00fcr\u00fcn\u00fcn etkisi, firman\u0131n uzmanl\u0131\u011f\u0131 \u00fccretin belirlenmesinde rol oynar <\/strong><\/figcaption><\/figure>\n\n\n\n<h2>Ev Dezenfeksiyonu \u00dccretleri Nas\u0131l Belirleniyor?<\/h2>\n\n\n\n<p>Evinizde ya da \u00e7al\u0131\u015ft\u0131\u011f\u0131n\u0131z yerde yapt\u0131raca\u011f\u0131n\u0131z nano dezenfeksiyon i\u015flemi \u00fccreti pek \u00e7ok fakt\u00f6rden etkilenecektir. Dezenfeksiyon i\u015fleminin uygulanaca\u011f\u0131 alan\u0131n b\u00fcy\u00fckl\u00fc\u011f\u00fc, kullan\u0131lacak \u00fcr\u00fcn\u00fcn etkisi, firman\u0131n uzmanl\u0131\u011f\u0131 \u00fccretin belirlenmesinde rol oynar. Ancak yapt\u0131raca\u011f\u0131n\u0131z bu i\u015flemde \u00f6nceli\u011finiz maliyeti olmamal\u0131d\u0131r. Kullan\u0131lan \u00fcr\u00fcn\u00fcn kalitesi ve etkinlik s\u00fcresi tercihinizde  \u00f6nceli\u011finiz olmal\u0131d\u0131r.<\/p>\n\n\n\n<p><a href=\"https:\/\/www.prote.co\/\">Proteco&#8217;dan<\/a> nano dezenfeksiyon ile ilgili \u00fccret bilgisi almak i\u00e7in, sitemizde bulunan formu doldurman\u0131z yeterli. K\u0131sa s\u00fcrede size d\u00f6n\u00fc\u015f sa\u011fl\u0131yoruz.<\/p>\n\n\n\n<h2>EvdekiBak\u0131c\u0131m Markas\u0131: <a href=\"http:\/\/prote.co\">Proteco<\/a><\/h2>\n\n\n\n<p><a href=\"http:\/\/prote.co\">Proteco<\/a>; bug\u00fcne kadar T\u00fcrkiye \u00e7ap\u0131nda 1.150.000 metrekare alan dezenfeksiyonu ger\u00e7ekle\u015ftiren bir EvdekiBak\u0131c\u0131m markas\u0131d\u0131r. Proteco ile ev ve ara\u00e7lar d\u0131\u015f\u0131nda ofis, restoran, ma\u011faza, depo, gemi ve petrol istasyonlar\u0131n\u0131n da  ba\u015fta korona vir\u00fcs olmak \u00fczere t\u00fcm vir\u00fcs ve bakterilere kar\u015f\u0131 en etkili \u015fekilde dezenfeksiyonu sa\u011flanmaktad\u0131r. Daha detayl\u0131 bilgi i\u00e7in sitemizde yer alan formu doldurarak talep olu\u015fturabilirsiniz.<\/p>\n\n\n\n<h2>Nano Dezenfeksiyon \u0130\u00e7in Do\u011fru Adres: EvdekiBak\u0131c\u0131m<\/h2>\n\n\n\n<p>Kendinizi ve sevdiklerinizi korumak i\u00e7in sitemizde bulunan &#8220;Evimi Koru&#8221; ba\u015fl\u0131\u011f\u0131na girin. Sitemizde bulunan formu doldurup g\u00f6nderdikten sonra h\u0131zl\u0131ca size telefonunuzdan d\u00f6n\u00fc\u015f sa\u011flay\u0131p ilgili detaylar\u0131 al\u0131yoruz, ekibimiz tarih ve saati de teyit ettikten sonra uzmanlar evinize geliyor ve dezenfeksiyon i\u015flemi ger\u00e7ekle\u015fiyor. \u00dcstelik \u00f6demeyi de online olarak ger\u00e7ekle\u015ftiriyorsunuz. Ayn\u0131 \u015fekilde i\u015f yeriniz i\u00e7in de &#8220;\u0130\u015f Yerimi Koru&#8221; ba\u015fl\u0131kl\u0131 formu doldurdu\u011funuzda da, \u00e7al\u0131\u015ft\u0131\u011f\u0131n\u0131z ortam\u0131n dezenfeksiyonu i\u00e7in  size yard\u0131mc\u0131 oluyoruz. Dezenfekte ortamlarda sa\u011fl\u0131kl\u0131 g\u00fcnler ge\u00e7irmenizi diliyoruz.<\/p>\n","protected":false},"excerpt":{"rendered":"<p>Korona vir\u00fcs pandemisinin ya\u015fand\u0131\u011f\u0131 \u015fu g\u00fcnlerde, ki\u015fisel hijyenimiz kadar bulundu\u011fumuz ortamlar\u0131n da hijyenik olmas\u0131 son derece \u00f6nemli. Bu nedenle sosyal izolasyon, maske ve dezenfektan kullan\u0131m\u0131, \u00f6zellikle el hijyenine \u00f6nem vermenin&#8230;<\/p>\n","protected":false},"author":1,"featured_media":2956,"comment_status":"open","ping_status":"open","sticky":false,"template":"","format":"standard","meta":[],"categories":[3],"tags":[],"_links":{"self":[{"href":"https:\/\/www.evdekibakicim.com\/blog\/wp-json\/wp\/v2\/posts\/6037"}],"collection":[{"href":"https:\/\/www.evdekibakicim.com\/blog\/wp-json\/wp\/v2\/posts"}],"about":[{"href":"https:\/\/www.evdekibakicim.com\/blog\/wp-json\/wp\/v2\/types\/post"}],"author":[{"embeddable":true,"href":"https:\/\/www.evdekibakicim.com\/blog\/wp-json\/wp\/v2\/users\/1"}],"replies":[{"embeddable":true,"href":"https:\/\/www.evdekibakicim.com\/blog\/wp-json\/wp\/v2\/comments?post=6037"}],"version-history":[{"count":8,"href":"https:\/\/www.evdekibakicim.com\/blog\/wp-json\/wp\/v2\/posts\/6037\/revisions"}],"predecessor-version":[{"id":6231,"href":"https:\/\/www.evdekibakicim.com\/blog\/wp-json\/wp\/v2\/posts\/6037\/revisions\/6231"}],"wp:featuredmedia":[{"embeddable":true,"href":"https:\/\/www.evdekibakicim.com\/blog\/wp-json\/wp\/v2\/media\/2956"}],"wp:attachment":[{"href":"https:\/\/www.evdekibakicim.com\/blog\/wp-json\/wp\/v2\/media?parent=6037"}],"wp:term":[{"taxonomy":"category","embeddable":true,"href":"https:\/\/www.evdekibakicim.com\/blog\/wp-json\/wp\/v2\/categories?post=6037"},{"taxonomy":"post_tag","embeddable":true,"href":"https:\/\/www.evdekibakicim.com\/blog\/wp-json\/wp\/v2\/tags?post=6037"}],"curies":[{"name":"wp","href":"https:\/\/api.w.org\/{rel}","templated":true}]}}