{"id":3076,"date":"2019-08-20T10:26:29","date_gmt":"2019-08-20T07:26:29","guid":{"rendered":"https:\/\/www.evdekibakicim.com\/blog\/?p=3076"},"modified":"2020-03-23T14:03:28","modified_gmt":"2020-03-23T11:03:28","slug":"bebeklerde-dis-cikarma-donemi","status":"publish","type":"post","link":"https:\/\/www.evdekibakicim.com\/blog\/makale\/bebeklerde-dis-cikarma-donemi\/","title":{"rendered":"Bebeklerde Di\u015f \u00c7\u0131karma D\u00f6nemi"},"content":{"rendered":"\n<p><strong>Bebeklerde di\u015f \u00e7\u0131karma <\/strong>d\u00f6nemi, zorlu olsa da do\u011fal bir d\u00f6nemdir. Bu d\u00f6nemde bebe\u011finize yard\u0131mc\u0131 olarak rahatlamas\u0131n\u0131 sa\u011flamak, di\u015f \u00e7\u0131karma etkilerini hafifletmek i\u00e7in yapman\u0131z gerekenleri bilmek bu zorlu s\u00fcreci bebe\u011finizle birlikte kolay \u015fekilde atlatman\u0131z\u0131 sa\u011flayacakt\u0131r. Di\u015f \u00e7\u0131karma s\u00fcrecinde bebe\u011finizi do\u011fru \u015fekilde desteklemek i\u00e7in yapman\u0131z gerekenleri merak ediyorsan\u0131z ve ilk di\u015f \u00e7\u0131kma zaman\u0131, di\u015f \u00e7\u0131karma belirtileri, di\u015f bak\u0131m\u0131 yap\u0131l\u0131rken dikkat edilmesi gereken noktalar gibi detaylar\u0131 \u00f6\u011frenmek istiyorsan\u0131z mutlaka yaz\u0131m\u0131za g\u00f6z at\u0131n&#8230;<\/p>\n\n\n\n<h2>Bebeklerde Di\u015f \u00c7\u0131karma Belirtileri Nelerdir?<\/h2>\n\n\n\n<p>Her bebekte di\u015f \u00e7\u0131karman\u0131n etkileri farkl\u0131l\u0131k g\u00f6sterse de; genel olarak uyku problemleri, huysuzluk, ishal ya da <a href=\"https:\/\/www.evdekibakicim.com\/blog\/makale\/bebegim-kakasini-yapamiyor-ne-yapmaliyim\/\">kab\u0131zl\u0131k<\/a>, i\u015ftahs\u0131zl\u0131k di\u015f \u00e7\u0131karma d\u00f6neminde bebeklerde en s\u0131k g\u00f6r\u00fclen belirtiler aras\u0131ndad\u0131r. Bunun yan\u0131 s\u0131ra;<\/p>\n\n\n\n<ul><li>Di\u015f eti ka\u015f\u0131nt\u0131s\u0131 ve bir \u015feyleri \u0131s\u0131rma iste\u011fi<\/li><li>Ate\u015f<\/li><li>Di\u015f etlerinin kabarmas\u0131 ve kanamas\u0131<\/li><li>Kilo kayb\u0131<\/li><li>A\u015f\u0131r\u0131 salya ak\u0131nt\u0131s\u0131<\/li><li>A\u011f\u0131z \u00e7evresinde d\u00f6k\u00fcnt\u00fc<\/li><li>Kulak a\u011fr\u0131s\u0131, kulak ka\u015f\u0131nt\u0131s\u0131<\/li><li>Uyku b\u00f6l\u00fcnmesi, uykusuzluk en s\u0131k g\u00f6r\u00fclen belirtiler aras\u0131ndad\u0131r. Bu belirtilerden bir veya birka\u00e7\u0131 di\u015f \u00e7\u0131karma d\u00f6neminde bebe\u011finizde g\u00f6r\u00fclebilir. Bu belirtileri bebe\u011finizde g\u00f6zlemledi\u011finizde di\u015f \u00e7\u0131karma d\u00f6neminin yak\u0131n oldu\u011funu anlayabilirsiniz.  Bebe\u011finizde ilk di\u015fi g\u00f6rmeniz di\u015f \u00e7\u0131karma belirtilerinin g\u00f6r\u00fclmesinden yakla\u015f\u0131k 2-3 ay sonra g\u00f6r\u00fclebilir. <\/li><\/ul>\n\n\n\n<div class=\"wp-block-image\"><figure class=\"alignleft size-large is-resized\"><img decoding=\"async\" loading=\"lazy\" src=\"https:\/\/evdekibakicimstorage.blob.core.windows.net\/wordpress\/2019\/08\/photo-1491013516836-7db643ee125a-925x480.jpg\" alt=\"bebeklerde di\u015f \u00e7\u0131karma\" class=\"wp-image-3274\" width=\"775\" height=\"402\"\/><figcaption><strong>Bebeklerde ilk di\u015f \u00e7\u0131karma d\u00f6neminde, di\u015f etlerinin ka\u015f\u0131nmas\u0131 nedeniyle bebe\u011finizin her \u015feyi a\u011fz\u0131na g\u00f6t\u00fcr\u00fcp \u0131s\u0131rmaya \u00e7al\u0131\u015ft\u0131\u011f\u0131n\u0131 g\u00f6zlemleyebilirsiniz<\/strong><\/figcaption><\/figure><\/div>\n\n\n\n<h2>\u0130lk Di\u015f Ne Zaman \u00c7\u0131kar?<\/h2>\n\n\n\n<p>\u0130lk di\u015f \u00e7\u0131k\u0131\u015f\u0131 genetik fakt\u00f6rlere ba\u011fl\u0131d\u0131r. Yani anne babadan kal\u0131tsal olarak ge\u00e7en bir \u00f6zelliktir. Genel olarak ilk di\u015f 6-7 ayl\u0131kken g\u00f6r\u00fcl\u00fcr. Ancak kal\u0131tsal \u00f6zelliklerin de etkisiyle 3-4 ayl\u0131kken ilk di\u015f \u00e7\u0131k\u0131\u015f\u0131 g\u00f6r\u00fclebilece\u011fi gibi, 11-12 ayl\u0131k gibi ge\u00e7 d\u00f6nemlerde de g\u00f6r\u00fclebilir. Orta kesici di\u015fler, yan kesici di\u015fler, k\u00f6pek di\u015fler ve son olarak az\u0131 di\u015fler \u015feklinde bebe\u011finizin di\u015fleri tamamlanacakt\u0131r.<\/p>\n\n\n\n<h2>Di\u015f \u00c7\u0131karma D\u00f6neminde Bebe\u011finize Nas\u0131l Yard\u0131mc\u0131 Olabilirsiniz?<\/h2>\n\n\n\n<p>Bebe\u011finiz di\u015f \u00e7\u0131karma d\u00f6nemini zorlu ge\u00e7irebilir. Ate\u015f, ishal ya da kab\u0131zl\u0131k, di\u015f etlerinde \u015fi\u015fme, a\u011fr\u0131 nedeniyle can\u0131 yanabilir. Bu etkileri azaltmak i\u00e7in bebe\u011finize yard\u0131mc\u0131 olman\u0131z m\u00fcmk\u00fcnd\u00fcr. \u00d6rne\u011fin; so\u011fuk \u015feyler di\u015f etlerindeki yanma ve \u015fi\u015fmeye iyi gelecektir. Bu nedenle so\u011fuk bir meyve, buzlu yiyecekler bebe\u011finizi rahatlatacakt\u0131r. Ayn\u0131 \u015fekilde bir \u015feyleri \u00e7i\u011fnemek de bebe\u011finizin a\u011fr\u0131lar\u0131n\u0131 azaltacak ve di\u015f \u00e7\u0131k\u0131\u015f\u0131n\u0131 kolayla\u015ft\u0131racakt\u0131r. Bunun yan\u0131 s\u0131ra;<\/p>\n\n\n\n<ul><li>Di\u015f ka\u015f\u0131y\u0131c\u0131 kullanmak, (buzlukta bekletip vermek daha etkili olacakt\u0131r)<\/li><li>So\u011fuk bir \u015feyle bebe\u011finizin dama\u011f\u0131na ve di\u015f etlerine masaj yapmak,<\/li><li>S\u0131cak yiyecekler a\u011fr\u0131s\u0131n\u0131 artt\u0131raca\u011f\u0131 i\u00e7in vermemek,<\/li><li>Havu\u00e7, salatal\u0131k, kereviz sap\u0131 gibi sert yiyecekler vermek, bebe\u011finizin di\u015f \u00e7\u0131karma d\u00f6neminde rahatlamas\u0131na yard\u0131mc\u0131 olacakt\u0131r. Ancak sert yiyecekler verdi\u011finizde bebe\u011finizin yan\u0131nda olmal\u0131 ve dik oturmas\u0131n\u0131 sa\u011flamay\u0131 unutmamal\u0131s\u0131n\u0131z.<\/li><\/ul>\n\n\n\n<p>Bunun yan\u0131 s\u0131ra bebe\u011finiz di\u015f \u00e7\u0131karma d\u00f6nemini \u00e7ok zorlu ge\u00e7iriyorsa doktor tavsiyesi ile rahatlat\u0131c\u0131 jel kullanabilirsiniz.<\/p>\n\n\n\n<div class=\"wp-block-image\"><figure class=\"alignleft size-large is-resized\"><img decoding=\"async\" loading=\"lazy\" src=\"https:\/\/evdekibakicimstorage.blob.core.windows.net\/wordpress\/2019\/08\/pexels-photo-298611.jpg\" alt=\"bebeklerde di\u015f \u00e7\u0131karma\" class=\"wp-image-3288\" width=\"769\" height=\"432\"\/><figcaption><strong>Di\u015f \u00e7\u0131karma d\u00f6neminde bebe\u011finizin rahatlamas\u0131 i\u00e7in so\u011fuk yiyecekler verebilirsiniz<\/strong><\/figcaption><\/figure><\/div>\n\n\n\n<h2>Hangi Durumlarda Doktora Ba\u015fvurmal\u0131s\u0131n\u0131z?<\/h2>\n\n\n\n<p>Bebeklerde di\u015f \u00e7\u0131karma do\u011fal bir s\u00fcre\u00e7tir. Bu nedenle doktora gitmenize gerek yoktur. Ancak bu d\u00f6nemde bebe\u011finizin ba\u011f\u0131\u015f\u0131kl\u0131\u011f\u0131 d\u00fc\u015fece\u011fi i\u00e7in, hastal\u0131klara yakalanma riski daha y\u00fcksektir. Bu nedenle di\u015f \u00e7\u0131karma ile birlikte g\u00f6r\u00fclen ate\u015f, ishal gibi belirtilerin bir enfeksiyondan kaynaklan\u0131p kaynaklanmad\u0131\u011f\u0131n\u0131 \u00f6\u011frenmek i\u00e7in doktora gidebilirsiniz. <\/p>\n\n\n\n<h2>Bebe\u011finizin Di\u015f \u00c7\u0131karma S\u00fcreci Ne Zaman Biter?<\/h2>\n\n\n\n<p>Bebeklik d\u00f6neminde bebe\u011finizin 20 adet s\u00fct di\u015fi \u00e7\u0131kacakt\u0131r. Bu di\u015flerin \u00e7\u0131k\u0131\u015f\u0131n\u0131n tamamlanmas\u0131 yakla\u015f\u0131k olarak 3 ya\u015fa kadar devam eder.<\/p>\n\n\n\n<ul><li>Bebe\u011finizin ate\u015fi \u00e7ok y\u00fcksekse ve uzun s\u00fcre d\u00fc\u015fmediyse,<\/li><li>\u0130shal durumu birka\u00e7 g\u00fcn devam ederse,<\/li><li>\u0130\u015ftahs\u0131zl\u0131k nedeniyle uzun s\u00fcreli yemeyi reddederse doktorunuza ba\u015fvurman\u0131z, gerekirse ila\u00e7 kullanman\u0131z gerekebilir.<\/li><\/ul>\n\n\n\n<div class=\"wp-block-image\"><figure class=\"alignleft size-large is-resized\"><img decoding=\"async\" loading=\"lazy\" src=\"https:\/\/evdekibakicimstorage.blob.core.windows.net\/wordpress\/2019\/08\/portrait-girl-brushing-teeth-with-toothbrush_23-2147893298-5d5af4204ac54.jpg\" alt=\"bebeklerde di\u015f \u00e7\u0131karma\" class=\"wp-image-3278\" width=\"745\" height=\"496\"\/><figcaption><strong>2 ya\u015f\u0131ndan itibaren \u00e7ocu\u011funuzu di\u015flerini kendi f\u0131r\u00e7alamas\u0131 konusunda \u00f6zendirebilirsiniz<\/strong><\/figcaption><\/figure><\/div>\n\n\n\n<h2>Bebe\u011finizin A\u011f\u0131z ve Di\u015f Bak\u0131m\u0131n\u0131 Nas\u0131l Yapmal\u0131s\u0131n\u0131z?<\/h2>\n\n\n\n<p>Bebe\u011finiz ilk di\u015fini \u00e7\u0131kard\u0131\u011f\u0131 andan itibaren a\u011f\u0131z ve di\u015f sa\u011fl\u0131\u011f\u0131n\u0131 d\u00fczenli ve do\u011fru \u015fekilde yapman\u0131z son derece \u00f6nemlidir.  Sabah ve ak\u015fam olmak \u00fczere g\u00fcnde iki kez bu temizli\u011fi, ilk ba\u015flarda temiz bir t\u00fclbenti \u0131slatarak yapman\u0131z uygun olacakt\u0131r. Bebe\u011finiz b\u00fcy\u00fcd\u00fck\u00e7e di\u015f f\u0131r\u00e7as\u0131 ve di\u015f macunu ile di\u015f temizli\u011fini yapabilirsiniz. Ancak \u00f6zellikle 2 ya\u015f\u0131na kadar, di\u015f macunu kullan\u0131lmamas\u0131 uzmanlar taraf\u0131ndan \u00f6nerilmemektedir. 2 ya\u015f itibariyle bebe\u011finiz kendi di\u015flerini f\u0131r\u00e7alayabilir, bu d\u00f6nemde siz ona model olabilirsiniz. Sizinle birlikte di\u015flerini f\u0131r\u00e7alamak onun i\u00e7in \u00f6zendirici olacakt\u0131r.<\/p>\n\n\n\n<p>Bebeklerde di\u015f bak\u0131m\u0131 ile ilgili daha detayl\u0131 bilgi edinmek i\u00e7in &#8220;<a href=\"https:\/\/www.evdekibakicim.com\/blog\/makale\/bebeklerde-dis-bakimi-nasil-olmali\/\">Bebeklerde Di\u015f Bak\u0131m\u0131 Nas\u0131l Olmal\u0131?<\/a>&#8221; ba\u015fl\u0131kl\u0131 yaz\u0131m\u0131za g\u00f6z atabilirsiniz.<\/p>\n\n\n\n<h2>Bebe\u011finizi Di\u015f Doktoru \u0130le Ne Zaman Tan\u0131\u015ft\u0131rmal\u0131s\u0131n\u0131z?<\/h2>\n\n\n\n<p>Bebe\u011finizi ilk di\u015finin \u00e7\u0131kmas\u0131ndan itibaren di\u015f doktoru ile tan\u0131\u015ft\u0131rabilirsiniz. Genel olarak 3 ya\u015f itibariyle d\u00fczenli kontrollere g\u00f6t\u00fcrmeniz uygun olacakt\u0131r. Di\u011fer taraftan bebe\u011finizin bu deneyimi iyi bir \u015fekilde ya\u015fayabilmesi \u00f6nemlidir. Bu nedenle di\u015f doktoruna gitmeden \u00f6nce onu haz\u0131rlaman\u0131z, kendi kontrol\u00fcn\u00fczde yan\u0131n\u0131zda g\u00f6t\u00fcrmeniz, bu konu ile ilgili bir hikaye okuman\u0131z, sohbet etmeniz korku ve kayg\u0131lar\u0131ndan kurtulmas\u0131na yard\u0131mc\u0131 olacakt\u0131r.<\/p>\n\n\n\n<div class=\"wp-block-image\"><figure class=\"alignleft size-large is-resized\"><img decoding=\"async\" loading=\"lazy\" src=\"https:\/\/evdekibakicimstorage.blob.core.windows.net\/wordpress\/2019\/08\/pexels-photo-305567.jpg\" alt=\"bebeklerde di\u015f \u00e7\u0131karma\" class=\"wp-image-3286\" width=\"729\" height=\"485\"\/><figcaption><strong>Bebe\u011finizin di\u015f kontrollerini d\u00fczenli yapt\u0131rman\u0131z, sa\u011fl\u0131kl\u0131 di\u015fleri olmas\u0131nda yard\u0131mc\u0131 olacakt\u0131r<\/strong><\/figcaption><\/figure><\/div>\n\n\n\n<h2>Biberon \u00c7\u00fcr\u00fc\u011f\u00fc Nedir?<\/h2>\n\n\n\n<p>Uzun s\u00fcreli biberon kullan\u0131m\u0131na ba\u011fl\u0131 olarak, bebe\u011finizin yeni \u00e7\u0131kan di\u015flerinde k\u0131r\u0131lma, kahverengi lekeler g\u00f6zlemleyebilirsiniz. Biberon \u00e7\u00fcr\u00fc\u011f\u00fc olarak adland\u0131r\u0131lan bu \u00e7\u00fcr\u00fckler, \u00f6zellikle gece biberonla s\u00fct i\u00e7en bebeklerde g\u00f6r\u00fcl\u00fcr. S\u00fct\u00fcn i\u00e7erdi\u011fi \u015feker kadar emzi\u011fe tatl\u0131 s\u00fcrerek bebeklere vermek de bu \u00e7\u00fcr\u00fcklere neden olur. Gece beslemesinden sonra su i\u00e7irmek, biberon kullan\u0131m\u0131n\u0131 s\u0131n\u0131rl\u0131 tutmak,  di\u015flerin temizli\u011fine dikkat etmek, tatland\u0131r\u0131c\u0131 vermemek biberon \u00e7\u00fcr\u00fcklerini \u00f6nlemenizde etkili olacakt\u0131r.<\/p>\n\n\n\n<h2>Di\u015f \u00c7\u0131karma D\u00f6nemi Sizin \u0130\u00e7in Kabus Olmas\u0131n<\/h2>\n\n\n\n<p>Bebe\u011finizin di\u015f \u00e7\u0131karma d\u00f6neminde ona do\u011fru \u015fekilde yard\u0131mc\u0131 olmak rahatlamas\u0131 ve bu s\u00fcreci daha kolay atlatmas\u0131nda etkili olacakt\u0131r. Bu nedenle bebe\u011finizi g\u00f6zlemlemeniz, di\u015f \u00e7\u0131karma belirtileri varsa a\u011fr\u0131lar\u0131n\u0131 azaltacak ve di\u015f \u00e7\u0131karmas\u0131n\u0131 h\u0131zland\u0131racak deste\u011fi sa\u011flaman\u0131z son derece \u00f6nemlidir. Bu d\u00f6nemde kat\u0131 yiyecekleri reddediyorsa, s\u0131v\u0131 yoluyla beslenme takviyesine devam etmeniz yeterlidir. Meyve p\u00fcreleri, mama, anne s\u00fct\u00fc tercih edebilece\u011finiz yiyecekler aras\u0131ndad\u0131r. Bebe\u011finizin bu d\u00f6nemde huysuz ve h\u0131r\u00e7\u0131n olmas\u0131n\u0131n ge\u00e7ici oldu\u011funu ve di\u015flerinin \u00e7\u0131kmas\u0131yla birlikte biraz daha b\u00fcy\u00fcd\u00fc\u011f\u00fcn\u00fc unutmay\u0131n.<\/p>\n\n\n\n<h2>EvdekiBak\u0131c\u0131m Hep Yan\u0131n\u0131zda<\/h2>\n\n\n\n<p>Bebek bak\u0131m\u0131 ciddi ve sorumluluk gerektiren bir i\u015ftir. \u0130lk di\u015flerinin \u00e7\u0131kmas\u0131yla birlikte di\u015f bak\u0131m\u0131n\u0131n da do\u011fru \u015fekilde yap\u0131lmas\u0131 gerekmektedir. Deneyimli bir bak\u0131c\u0131 ile \u00e7al\u0131\u015fmak, bebe\u011finizin \u00f6zellikle bu kritik d\u00f6nemlerini rahat bir \u015fekilde atlatman\u0131za yard\u0131mc\u0131 olacakt\u0131r. <a href=\"https:\/\/www.evdekibakicim.com\/\">EvdekiBak\u0131c\u0131m<\/a> ailesi olarak, bebek bak\u0131m\u0131 konusunda uzman kadromuzla sizi bir araya getirmekten mutluluk duyaca\u011f\u0131z. Do\u011fru bak\u0131c\u0131 ile bulu\u015farak, bebe\u011finiz b\u00fcy\u00fcrken onun her an\u0131na keyifle \u015fahit olun&#8230;<\/p>\n","protected":false},"excerpt":{"rendered":"<p>Bebeklerde di\u015f \u00e7\u0131karma d\u00f6nemi, zorlu olsa da do\u011fal bir d\u00f6nemdir. Bu d\u00f6nemde bebe\u011finize yard\u0131mc\u0131 olarak rahatlamas\u0131n\u0131 sa\u011flamak, di\u015f \u00e7\u0131karma etkilerini hafifletmek i\u00e7in yapman\u0131z gerekenleri bilmek bu zorlu s\u00fcreci bebe\u011finizle birlikte&#8230;<\/p>\n","protected":false},"author":1,"featured_media":3295,"comment_status":"open","ping_status":"open","sticky":false,"template":"","format":"standard","meta":[],"categories":[90],"tags":[],"_links":{"self":[{"href":"https:\/\/www.evdekibakicim.com\/blog\/wp-json\/wp\/v2\/posts\/3076"}],"collection":[{"href":"https:\/\/www.evdekibakicim.com\/blog\/wp-json\/wp\/v2\/posts"}],"about":[{"href":"https:\/\/www.evdekibakicim.com\/blog\/wp-json\/wp\/v2\/types\/post"}],"author":[{"embeddable":true,"href":"https:\/\/www.evdekibakicim.com\/blog\/wp-json\/wp\/v2\/users\/1"}],"replies":[{"embeddable":true,"href":"https:\/\/www.evdekibakicim.com\/blog\/wp-json\/wp\/v2\/comments?post=3076"}],"version-history":[{"count":18,"href":"https:\/\/www.evdekibakicim.com\/blog\/wp-json\/wp\/v2\/posts\/3076\/revisions"}],"predecessor-version":[{"id":5805,"href":"https:\/\/www.evdekibakicim.com\/blog\/wp-json\/wp\/v2\/posts\/3076\/revisions\/5805"}],"wp:featuredmedia":[{"embeddable":true,"href":"https:\/\/www.evdekibakicim.com\/blog\/wp-json\/wp\/v2\/media\/3295"}],"wp:attachment":[{"href":"https:\/\/www.evdekibakicim.com\/blog\/wp-json\/wp\/v2\/media?parent=3076"}],"wp:term":[{"taxonomy":"category","embeddable":true,"href":"https:\/\/www.evdekibakicim.com\/blog\/wp-json\/wp\/v2\/categories?post=3076"},{"taxonomy":"post_tag","embeddable":true,"href":"https:\/\/www.evdekibakicim.com\/blog\/wp-json\/wp\/v2\/tags?post=3076"}],"curies":[{"name":"wp","href":"https:\/\/api.w.org\/{rel}","templated":true}]}}